{"id":134101,"date":"2026-01-13T09:37:08","date_gmt":"2026-01-13T09:37:08","guid":{"rendered":"https:\/\/www.europesays.com\/se\/134101\/"},"modified":"2026-01-13T09:37:08","modified_gmt":"2026-01-13T09:37:08","slug":"tva-nya-ryssar-uttagna-till-os-fem-totalt","status":"publish","type":"post","link":"https:\/\/www.europesays.com\/se\/134101\/","title":{"rendered":"Tv\u00e5 nya ryssar uttagna till OS \u2013 fem totalt"},"content":{"rendered":"<p class=\"boxtextgrotesk-root_baa6 hyperion-css-1w346fg\">Uppdaterad 10.21 | Publicerad 10.12<\/p>\n<p>share-arrowDela<\/p>\n<p>unsaveSpara<\/p>\n<p>expand-left<\/p>\n<p>helsk\u00e4rm<img decoding=\"async\" class=\"image-asset hyperion-css-u06ts1\" data-test-tag=\"image-asset\" src=\"https:\/\/www.europesays.com\/se\/wp-content\/uploads\/2026\/01\/76d1e053-610f-4dbe-adf6-7ae7a5933ffd.jpeg\"  alt=\"Precis som i Peking f\u00f6r fyra \u00e5r sedan blir det neutrala ryska shorttrack\u00e5kare under OS i Milano n\u00e4sta m\u00e5nad. Arkivbild.\"  loading=\"eager\" fetchpriority=\"high\" style=\"aspect-ratio:1900 \/ 1267\"\/>Precis som i Peking f\u00f6r fyra \u00e5r sedan blir det neutrala ryska shorttrack\u00e5kare under OS i Milano n\u00e4sta m\u00e5nad. Arkivbild. Foto: Jae C. Hong\/AP\/TT<\/p>\n<p class=\"hyperion-css-1v9qo5x\">Ytterligare tv\u00e5 ryska idrottare \u00e4r klara f\u00f6r OS i Italien n\u00e4sta m\u00e5nad. Shorttrack\u00e5karna Aljona Krylova (500 meter) och Ivan Posasjkov (1\u00a0000 meter) \u00e4r de senaste att ges klartecken fr\u00e5n Internationella olympiska kommitt\u00e9n (IOK).<\/p>\n<p class=\"hyperion-css-1v9qo5x\">Totalt har fem ryssar och en belarusier f\u00e5tt gr\u00f6nt ljus fr\u00e5n IOK s\u00e5 h\u00e4r l\u00e5ngt.<\/p>\n<p class=\"hyperion-css-1v9qo5x\">Sedan tidigare var konst\u00e5karna Adelija Petrosian och Pjotr Gumennik uttagna, liksom skidalpinisten Nikita Filippov. Viktorija Safonova, ocks\u00e5 konst\u00e5kning, \u00e4r den hittills enda belarusiska idrottaren att tas ut.<\/p>\n<p class=\"hyperion-css-1v9qo5x\">Samtliga f\u00e5r dock bara t\u00e4vla som neutrala idrottare och utan sin nations f\u00e4rger, nationals\u00e5ng eller flagga.<\/p>\n","protected":false},"excerpt":{"rendered":"Uppdaterad 10.21 | Publicerad 10.12 share-arrowDela unsaveSpara expand-left helsk\u00e4rmPrecis som i Peking f\u00f6r fyra \u00e5r sedan blir det&hellip;\n","protected":false},"author":2,"featured_media":134102,"comment_status":"","ping_status":"","sticky":false,"template":"","format":"standard","meta":{"footnotes":""},"categories":[68],"tags":[34,111,110,31,33,32,30],"class_list":{"0":"post-134101","1":"post","2":"type-post","3":"status-publish","4":"format-standard","5":"has-post-thumbnail","7":"category-sport","8":"tag-se","9":"tag-sport","10":"tag-sports","11":"tag-svenska","12":"tag-sverige","13":"tag-sweden","14":"tag-swedish"},"share_on_mastodon":{"url":"https:\/\/pubeurope.com\/@se\/115887121626918794","error":""},"_links":{"self":[{"href":"https:\/\/www.europesays.com\/se\/wp-json\/wp\/v2\/posts\/134101","targetHints":{"allow":["GET"]}}],"collection":[{"href":"https:\/\/www.europesays.com\/se\/wp-json\/wp\/v2\/posts"}],"about":[{"href":"https:\/\/www.europesays.com\/se\/wp-json\/wp\/v2\/types\/post"}],"author":[{"embeddable":true,"href":"https:\/\/www.europesays.com\/se\/wp-json\/wp\/v2\/users\/2"}],"replies":[{"embeddable":true,"href":"https:\/\/www.europesays.com\/se\/wp-json\/wp\/v2\/comments?post=134101"}],"version-history":[{"count":0,"href":"https:\/\/www.europesays.com\/se\/wp-json\/wp\/v2\/posts\/134101\/revisions"}],"wp:featuredmedia":[{"embeddable":true,"href":"https:\/\/www.europesays.com\/se\/wp-json\/wp\/v2\/media\/134102"}],"wp:attachment":[{"href":"https:\/\/www.europesays.com\/se\/wp-json\/wp\/v2\/media?parent=134101"}],"wp:term":[{"taxonomy":"category","embeddable":true,"href":"https:\/\/www.europesays.com\/se\/wp-json\/wp\/v2\/categories?post=134101"},{"taxonomy":"post_tag","embeddable":true,"href":"https:\/\/www.europesays.com\/se\/wp-json\/wp\/v2\/tags?post=134101"}],"curies":[{"name":"wp","href":"https:\/\/api.w.org\/{rel}","templated":true}]}}