{"id":134109,"date":"2026-01-13T09:43:07","date_gmt":"2026-01-13T09:43:07","guid":{"rendered":"https:\/\/www.europesays.com\/se\/134109\/"},"modified":"2026-01-13T09:43:07","modified_gmt":"2026-01-13T09:43:07","slug":"efter-dodsolyckan-pa-delibake-i-orebro-nu-vacks-atal","status":"publish","type":"post","link":"https:\/\/www.europesays.com\/se\/134109\/","title":{"rendered":"Efter d\u00f6dsolyckan p\u00e5 Delibake i \u00d6rebro: Nu v\u00e4cks \u00e5tal"},"content":{"rendered":"<p>Det var den 23 september 2024 som en man, tillsammans med en underh\u00e5llschef, skulle \u00e5tg\u00e4rda en produktionsst\u00f6rning i en maskin p\u00e5 f\u00f6retaget.<\/p>\n<p>Under arbetet aktiverades en hiss i maskinen, vilket medf\u00f6rde att mannen kl\u00e4mdes och avled av sina skador.<\/p>\n<p>Enligt \u00e5talet hade inte instruktionen f\u00f6r s\u00e4kert stopp f\u00f6ljts, vilket innebar att maskinens energitillf\u00f6rsel fortfarande var aktiverad och kunde styras manuellt.<\/p>\n<p>\u2013 Jag anser att den eller de skyddsansvariga p\u00e5 f\u00f6retaget genom oaktsamhet har orsakat mannens d\u00f6d, s\u00e4ger chefs\u00e5klagare Carl-Gunnar Fridolfsson.<\/p>\n<p>Han menar att det funnits brister b\u00e5de i att ge de anst\u00e4llda den utbildning som beh\u00f6vts f\u00f6r att f\u00f6rebygga d\u00f6dsfallet och i uppf\u00f6ljningen av till\u00e4mpningen av utf\u00e4rdade instruktioner.<\/p>\n<p>Carl-Gunnar Fridolfsson yrkar p\u00e5 en f\u00f6retagsbot p\u00e5 1,5 miljoner kronor.<\/p>\n<p>Enligt <a href=\"https:\/\/www.na.se\/2026-01-13\/delibake-atalas-for-dodsolycka\/\" rel=\"nofollow noopener\" target=\"_blank\">NA<\/a> nekar Delibake till brott.<\/p>\n<p>Texten uppdateras.<\/p>\n","protected":false},"excerpt":{"rendered":"Det var den 23 september 2024 som en man, tillsammans med en underh\u00e5llschef, skulle \u00e5tg\u00e4rda en produktionsst\u00f6rning i&hellip;\n","protected":false},"author":2,"featured_media":793,"comment_status":"","ping_status":"","sticky":false,"template":"","format":"standard","meta":{"footnotes":""},"categories":[5],"tags":[22,23,26,27,17,21,24,25,28,29,15,16,18,34,31,33,32,30,19,20],"class_list":{"0":"post-134109","1":"post","2":"type-post","3":"status-publish","4":"format-standard","5":"has-post-thumbnail","7":"category-rubriker","8":"tag-breaking-news","9":"tag-breakingnews","10":"tag-featured-news","11":"tag-featurednews","12":"tag-headlines","13":"tag-huvudnyheter","14":"tag-latest-news","15":"tag-latestnews","16":"tag-main-news","17":"tag-mainnews","18":"tag-news","19":"tag-nyheter","20":"tag-rubriker","21":"tag-se","22":"tag-svenska","23":"tag-sverige","24":"tag-sweden","25":"tag-swedish","26":"tag-top-stories","27":"tag-topstories"},"share_on_mastodon":{"url":"https:\/\/pubeurope.com\/@se\/115887145121885465","error":""},"_links":{"self":[{"href":"https:\/\/www.europesays.com\/se\/wp-json\/wp\/v2\/posts\/134109","targetHints":{"allow":["GET"]}}],"collection":[{"href":"https:\/\/www.europesays.com\/se\/wp-json\/wp\/v2\/posts"}],"about":[{"href":"https:\/\/www.europesays.com\/se\/wp-json\/wp\/v2\/types\/post"}],"author":[{"embeddable":true,"href":"https:\/\/www.europesays.com\/se\/wp-json\/wp\/v2\/users\/2"}],"replies":[{"embeddable":true,"href":"https:\/\/www.europesays.com\/se\/wp-json\/wp\/v2\/comments?post=134109"}],"version-history":[{"count":0,"href":"https:\/\/www.europesays.com\/se\/wp-json\/wp\/v2\/posts\/134109\/revisions"}],"wp:featuredmedia":[{"embeddable":true,"href":"https:\/\/www.europesays.com\/se\/wp-json\/wp\/v2\/media\/793"}],"wp:attachment":[{"href":"https:\/\/www.europesays.com\/se\/wp-json\/wp\/v2\/media?parent=134109"}],"wp:term":[{"taxonomy":"category","embeddable":true,"href":"https:\/\/www.europesays.com\/se\/wp-json\/wp\/v2\/categories?post=134109"},{"taxonomy":"post_tag","embeddable":true,"href":"https:\/\/www.europesays.com\/se\/wp-json\/wp\/v2\/tags?post=134109"}],"curies":[{"name":"wp","href":"https:\/\/api.w.org\/{rel}","templated":true}]}}