{"id":134110,"date":"2026-01-13T09:45:07","date_gmt":"2026-01-13T09:45:07","guid":{"rendered":"https:\/\/www.europesays.com\/se\/134110\/"},"modified":"2026-01-13T09:45:07","modified_gmt":"2026-01-13T09:45:07","slug":"forlangt-kontrakt-med-izzy-daquila","status":"publish","type":"post","link":"https:\/\/www.europesays.com\/se\/134110\/","title":{"rendered":"F\u00f6rl\u00e4ngt kontrakt med Izzy D\u2019Aquila"},"content":{"rendered":"<p>Izzy D\u2019Aquila kom till Malm\u00f6 FF fr\u00e5n NWSL-laget Portland Thorns inf\u00f6r fjol\u00e5rets debuts\u00e4song i OBOS Damallsvenskan. 24-\u00e5ringen fick en flygande start och nominerades till m\u00e5nadens spelare i ligan i april, efter att bland annat s\u00e4nkt BK H\u00e4cken med tv\u00e5 m\u00e5l i premi\u00e4ren.<\/p>\n<p>Izzy D\u2019Aquila fortsatte p\u00e5 inslagen v\u00e4g och stod f\u00f6r totalt 11 m\u00e5l p\u00e5 16 t\u00e4vlingsmatcher innan en muskelskada tvingade henne att avsluta s\u00e4songen i f\u00f6rtid. Hon har m\u00e5lmedvetet k\u00e4mpat sig tillbaka till fotbollsplanen och inf\u00f6r den kommande s\u00e4songen har hennes avtal med Malm\u00f6 FF f\u00f6rl\u00e4ngts med ytterligare ett \u00e5r.<\/p>\n<p>Anfallarens kontrakt str\u00e4cker sig nu \u00f6ver s\u00e4songen 2027.<\/p>\n<p>Maxim Khalil, sportchef dam:<\/p>\n<p>\u2013 Vi \u00e4r j\u00e4tteglada att vi lyckats f\u00e5 till en f\u00f6rl\u00e4ngning. Izzy \u00e4r viktig b\u00e5de p\u00e5 och utanf\u00f6r planen. Hon \u00e4r en skicklig fotbollsspelare och har en pondus och aura som st\u00e4mmer v\u00e4l \u00f6verens med v\u00e5r identitet.<\/p>\n<p>\u2013 \u2060Vi har jobbat l\u00e4nge med den h\u00e4r f\u00f6rl\u00e4ngningen. Det har funnits ett stort intresse f\u00f6r henne. Vi \u00e4r glada att hon vill stanna kvar, att hon tror p\u00e5 det vi g\u00f6r h\u00e4r och vill forts\u00e4tta v\u00e4xa tillsammans med oss.<\/p>\n<p>  Izzy D\u2019Aquila:<\/p>\n<p>\u2013 Den h\u00e4r klubben har ambitioner att vinna och det vill jag ocks\u00e5 g\u00f6ra. Med spelarna och staben vi har h\u00e4r tror jag det kommer bli ett v\u00e4ldigt bra \u00e5r. Jag vill vara en del av den kulturen och skriva historia h\u00e4r.<\/p>\n<p>\u2013 Jag kom in i det bra f\u00f6rra \u00e5ret och gjorde m\u00e5nga m\u00e5l. Nu k\u00e4nner jag mig stark och \u00e4r redo igen. Vi vill vinna, kvalificera oss f\u00f6r Champions League och st\u00e5 f\u00f6r bra prestationer p\u00e5 planen. F\u00f6r egen del vill jag forts\u00e4tta g\u00f6ra m\u00e5l, vara en playmaker och hj\u00e4lpa laget p\u00e5 alla s\u00e4tt jag kan.<\/p>\n","protected":false},"excerpt":{"rendered":"Izzy D\u2019Aquila kom till Malm\u00f6 FF fr\u00e5n NWSL-laget Portland Thorns inf\u00f6r fjol\u00e5rets debuts\u00e4song i OBOS Damallsvenskan. 24-\u00e5ringen fick&hellip;\n","protected":false},"author":2,"featured_media":134111,"comment_status":"","ping_status":"","sticky":false,"template":"","format":"standard","meta":{"footnotes":""},"categories":[68],"tags":[34,111,110,31,33,32,30],"class_list":{"0":"post-134110","1":"post","2":"type-post","3":"status-publish","4":"format-standard","5":"has-post-thumbnail","7":"category-sport","8":"tag-se","9":"tag-sport","10":"tag-sports","11":"tag-svenska","12":"tag-sverige","13":"tag-sweden","14":"tag-swedish"},"share_on_mastodon":{"url":"https:\/\/pubeurope.com\/@se\/115887152995458237","error":""},"_links":{"self":[{"href":"https:\/\/www.europesays.com\/se\/wp-json\/wp\/v2\/posts\/134110","targetHints":{"allow":["GET"]}}],"collection":[{"href":"https:\/\/www.europesays.com\/se\/wp-json\/wp\/v2\/posts"}],"about":[{"href":"https:\/\/www.europesays.com\/se\/wp-json\/wp\/v2\/types\/post"}],"author":[{"embeddable":true,"href":"https:\/\/www.europesays.com\/se\/wp-json\/wp\/v2\/users\/2"}],"replies":[{"embeddable":true,"href":"https:\/\/www.europesays.com\/se\/wp-json\/wp\/v2\/comments?post=134110"}],"version-history":[{"count":0,"href":"https:\/\/www.europesays.com\/se\/wp-json\/wp\/v2\/posts\/134110\/revisions"}],"wp:featuredmedia":[{"embeddable":true,"href":"https:\/\/www.europesays.com\/se\/wp-json\/wp\/v2\/media\/134111"}],"wp:attachment":[{"href":"https:\/\/www.europesays.com\/se\/wp-json\/wp\/v2\/media?parent=134110"}],"wp:term":[{"taxonomy":"category","embeddable":true,"href":"https:\/\/www.europesays.com\/se\/wp-json\/wp\/v2\/categories?post=134110"},{"taxonomy":"post_tag","embeddable":true,"href":"https:\/\/www.europesays.com\/se\/wp-json\/wp\/v2\/tags?post=134110"}],"curies":[{"name":"wp","href":"https:\/\/api.w.org\/{rel}","templated":true}]}}