{"id":134112,"date":"2026-01-13T09:47:11","date_gmt":"2026-01-13T09:47:11","guid":{"rendered":"https:\/\/www.europesays.com\/se\/134112\/"},"modified":"2026-01-13T09:47:11","modified_gmt":"2026-01-13T09:47:11","slug":"mikael-persbrandts-nya-tatuering-bakom-orat","status":"publish","type":"post","link":"https:\/\/www.europesays.com\/se\/134112\/","title":{"rendered":"Mikael Persbrandts nya tatuering \u2013 bakom \u00f6rat"},"content":{"rendered":"<p>Publicerad 12 jan 2026 kl 19.47<\/p>\n<p>Sk\u00e5despelaren Mikael Persbrandt har tatuerat in \u201d81\u201d bakom \u00f6rat.<\/p>\n<p>Talet \u00e4r en k\u00e4nd symbol f\u00f6r det kriminella mc-g\u00e4nget Hells Angels.<\/p>\n<p>Persbrandt har tidigare synts med Hells Angels-medlemmar och skriver sj\u00e4lv om v\u00e4nskapsband i sin sj\u00e4lvbiografi.<\/p>\n<p>Senaste n\u00f6jesklippen fr\u00e5n Expressen.<img   alt=\"\"\/><\/p>\n<p>Mikael Persbrandt.<\/p>\n<p>Foto: BJ\u00d6RN LARSSON ROSVALL \/ TT NYHETSBYR\u00c5N<\/p>\n<p>\u00d6ppna bild i helsk\u00e4rm<img loading=\"lazy\"   alt=\"\"\/><\/p>\n<p>Mikael Persbrandt.<\/p>\n<p>Foto: MEGA\/IBL<\/p>\n<p>\u00d6ppna bild i helsk\u00e4rm<\/p>\n<p><a href=\"https:\/\/www.expressen.se\/tagg\/person\/mikael-persbrandt\/\" class=\"\" rel=\"nofollow noopener\" target=\"_blank\">Mikael Persbrandt<\/a>, 62, har m\u00e5nga tatueringar. P\u00e5 hans br\u00f6stkorg h\u00f6jer en bevingad kvinnofigur ett sv\u00e4rd. Bredvid henne st\u00e5r namnet \u201dMaria\u201d, vilket syftar p\u00e5 hans tidigare f\u00e4stm\u00f6 Maria Bonnevie, och p\u00e5 v\u00e4nster axel ses en r\u00e4v som s\u00e4ger \u201dTrust no one\u201d.<\/p>\n<p>Som Expressen <a href=\"https:\/\/www.expressen.se\/noje\/mikael-persbrandts-nya-vagade-tatuering\/\" rel=\"nofollow noopener\" target=\"_blank\">tidigare rapporterat<\/a> f\u00e5ngades han p\u00e5 bild i julhandeln med texten \u201dmotherfucker\u201d under skjortkragen.<\/p>\n<p>Och nyligen d\u00f6k han upp p\u00e5 en annan video i sociala medier, tagen p\u00e5 Nacka Forum utanf\u00f6r Stockholm.<\/p>\n<p>Har \u201d81\u201d bakom \u00f6rat \u2013 k\u00e4nd HA-symbol<\/p>\n<p>Det \u00e4r fitnessentrepren\u00f6ren Fredrik Borgeg\u00e5rd som lagt upp videon fr\u00e5n n\u00e4r han st\u00f6ter p\u00e5 Persbrandt i k\u00f6pcentret. I klippet pratar de kort om att de b\u00e5da \u00e4r kl\u00e4dda i tr\u00e4ningsst\u00e4ll.<\/p>\n<p>Borgeg\u00e5rd \u00e4r vd f\u00f6r Rikskampen Sverige AB och Persbrandt syns p\u00e5 deras sajt d\u00e4r han rekommenderar tr\u00e4ningsappen Rikskampen. Borgeg\u00e5rd har tidigare drivit gym med Jan Emanuel.<\/p>\n<p>P\u00e5 filmen fr\u00e5n Nacka forum ses att Persbrandt har tatuerat in talet 81 bakom v\u00e4nstra \u00f6rat.<\/p>\n<p>81 \u00e4r en k\u00e4nd symbol f\u00f6r den kriminella mc-klubben Hells Angels, d\u00e4r 8 representerar H, alfabetets \u00e5ttonde bokstav, och 1 representerar den f\u00f6rsta bokstaven, A.<\/p>\n<p><img loading=\"lazy\"   alt=\"\"\/><\/p>\n<p>Mikael Persbrandt har tatuerat in \u201d81\u201d bakom v\u00e4nster \u00f6ra.<\/p>\n<p>Foto: Instagram<\/p>\n<p>\u00d6ppna bild i helsk\u00e4rm\u201dG\u00f6r inte skillnad p\u00e5 folk och folk\u201d<\/p>\n<p>\u2013 I mc-milj\u00f6n st\u00e5r ju 81 oftast f\u00f6r Hells Angels. Om den sifferkombinationen \u00e4r intressant i n\u00e5got annat syfte, det har jag ingen aning om, s\u00e4ger Ola Fredriksson, specialist p\u00e5 mc-brottslighet p\u00e5 researchf\u00f6retaget Acta Publica.<\/p>\n<p>Mikael Persbrandt har tidigare <a href=\"https:\/\/www.expressen.se\/nyheter\/kandisarna-som-festar-med-hells-angels\/\" rel=\"nofollow noopener\" target=\"_blank\">synts ihop med Hells Angels-medlemmar<\/a>, d\u00e4ribland den tidigare presidenten f\u00f6r Hells Angels, Thomas M\u00f6ller.\u00a0<\/p>\n<p>I sin sj\u00e4lvbiografi skriver ocks\u00e5 Persbrandt sj\u00e4lv om sina v\u00e4nskapsband med personer inom HA.<\/p>\n<p>\u201dJag g\u00f6r inte skillnad p\u00e5 folk och folk. Jag \u00e4r liksom inte r\u00e4tt man att d\u00f6ma\u201d, skriver sk\u00e5despelaren i boken.<\/p>\n<p>Lojaltietsmark\u00f6r<\/p>\n<p>Enligt Ola Fredriksson, specialist p\u00e5 mc-brottslighet,\u00a0<\/p>\n<p>betraktas \u201d81\u201d inom mc-milj\u00f6n ofta som:<\/p>\n<p>\u2022 En lojalitetsmark\u00f6r<\/p>\n<p>\u2022 N\u00e5got man \u201dinte b\u00e4r utan r\u00e4tt\u201d<\/p>\n<p>Personer utan koppling som \u00e4nd\u00e5 b\u00e4r symboliken kan:<\/p>\n<p>\u2022 Uppfattas som provokativa<\/p>\n<p>\u2022 Bli ifr\u00e5gasatta eller konfronterade<\/p>\n<p>\u2022 I vissa milj\u00f6er uts\u00e4ttas f\u00f6r hot eller v\u00e5ld<\/p>\n<p>Visa mer<\/p>\n<p>Expressen har s\u00f6kt Mikael Persbrandt med fr\u00e5gor om vilken inneb\u00f6rd han sj\u00e4lv l\u00e4gger in i talet 81.<\/p>\n","protected":false},"excerpt":{"rendered":"Publicerad 12 jan 2026 kl 19.47 Sk\u00e5despelaren Mikael Persbrandt har tatuerat in \u201d81\u201d bakom \u00f6rat. Talet \u00e4r en&hellip;\n","protected":false},"author":2,"featured_media":134113,"comment_status":"","ping_status":"","sticky":false,"template":"","format":"standard","meta":{"footnotes":""},"categories":[67],"tags":[104,13448,34,31,33,32,30,109,105],"class_list":{"0":"post-134112","1":"post","2":"type-post","3":"status-publish","4":"format-standard","5":"has-post-thumbnail","7":"category-underhallning","8":"tag-entertainment","9":"tag-person-mikael-persbrandt","10":"tag-se","11":"tag-svenska","12":"tag-sverige","13":"tag-sweden","14":"tag-swedish","15":"tag-topic-skadespelare","16":"tag-underhallning"},"share_on_mastodon":{"url":"https:\/\/pubeurope.com\/@se\/115887160923381151","error":""},"_links":{"self":[{"href":"https:\/\/www.europesays.com\/se\/wp-json\/wp\/v2\/posts\/134112","targetHints":{"allow":["GET"]}}],"collection":[{"href":"https:\/\/www.europesays.com\/se\/wp-json\/wp\/v2\/posts"}],"about":[{"href":"https:\/\/www.europesays.com\/se\/wp-json\/wp\/v2\/types\/post"}],"author":[{"embeddable":true,"href":"https:\/\/www.europesays.com\/se\/wp-json\/wp\/v2\/users\/2"}],"replies":[{"embeddable":true,"href":"https:\/\/www.europesays.com\/se\/wp-json\/wp\/v2\/comments?post=134112"}],"version-history":[{"count":0,"href":"https:\/\/www.europesays.com\/se\/wp-json\/wp\/v2\/posts\/134112\/revisions"}],"wp:featuredmedia":[{"embeddable":true,"href":"https:\/\/www.europesays.com\/se\/wp-json\/wp\/v2\/media\/134113"}],"wp:attachment":[{"href":"https:\/\/www.europesays.com\/se\/wp-json\/wp\/v2\/media?parent=134112"}],"wp:term":[{"taxonomy":"category","embeddable":true,"href":"https:\/\/www.europesays.com\/se\/wp-json\/wp\/v2\/categories?post=134112"},{"taxonomy":"post_tag","embeddable":true,"href":"https:\/\/www.europesays.com\/se\/wp-json\/wp\/v2\/tags?post=134112"}],"curies":[{"name":"wp","href":"https:\/\/api.w.org\/{rel}","templated":true}]}}