{"id":134116,"date":"2026-01-13T09:52:07","date_gmt":"2026-01-13T09:52:07","guid":{"rendered":"https:\/\/www.europesays.com\/se\/134116\/"},"modified":"2026-01-13T09:52:07","modified_gmt":"2026-01-13T09:52:07","slug":"valkommen-till-ifk-varnamo-sigge-jansson","status":"publish","type":"post","link":"https:\/\/www.europesays.com\/se\/134116\/","title":{"rendered":"V\u00e4lkommen till IFK V\u00e4rnamo, Sigge Jansson!"},"content":{"rendered":"<p>V\u00e4lkommen till IFK V\u00e4rnamo, Sigge Jansson!<\/p>\n<p><strong>Den 20-\u00e5riga mittf\u00e4ltaren Sigge Jansson ansluter till IFK V\u00e4rnamo och kommer senast fr\u00e5n BK H\u00e4cken. Avtalet \u00e4r skrivet p\u00e5 tre \u00e5r.<\/strong><\/p>\n<p>Sigge Jansson med Azalea BK som moderklubb kom till BK H\u00e4cken som 12-\u00e5ring. Redan under 2023, som 18-\u00e5ring, flyttades han upp till BK H\u00e4ckens A-lag, efter att ha g\u00e5tt leden genom deras akademi. Det var dock under den g\u00e5ngna s\u00e4songen som det b\u00f6rjade bli mer speltid f\u00f6r Sigge i Allsvenskan men ocks\u00e5 spel i Europa League-kvalet. I Allsvenskan startade Sigge under s\u00e4songen 2025 i 7 matcher och blev inbytt i 8, i Europa League-kvalet blev han inbytt i samtliga matcher.<\/p>\n<p>&#8221;Han \u00e4r en spelare som \u00e4r som kan spela i flera positioner. Han kan spela h\u00f6gerback, mittback och sexa. Han har ocks\u00e5 spelat en del i Allsvenskan senaste \u00e5ret, har haft ett bra \u00e5r med H\u00e4cken, d\u00e4r han f\u00e5tt spela mer och mer. Sigge har allts\u00e5 skaffat sig mycket erfarenhet kombinerat med att han har en bra drivkraft och passar bra in i den grupp som vi har. Vi har varit i samtal under en l\u00e4ngre tid och \u00e4r glada att han nu valt att signera med oss p\u00e5 ett l\u00e4ngre avtal.&#8221; &#8211; J\u00f6rgen Petersson, sportchef<\/p>\n<p>Tre fr\u00e5gor med Sigge Jansson<\/p>\n<p><strong>Hur k\u00e4nns det att vara klar f\u00f6r IFK V\u00e4rnamo?<\/strong><\/p>\n<p>Det k\u00e4nns v\u00e4ldigt g\u00f6tt, det har ju varit p\u00e5 g\u00e5ng ett tag s\u00e5 att \u00e4ntligen f\u00e5 komma hit, bli en del av laget \u00e4r smickrande och sk\u00f6nt.<\/p>\n<p><strong>Varf\u00f6r k\u00e4nns IFK V\u00e4rnamo som ett bra alternativ f\u00f6r dig?<\/strong><\/p>\n<p>Dels f\u00f6r det J\u00f6rgen och Tufa presenterade kring laget, hur de vill se laget utvecklas men ocks\u00e5 deras plan f\u00f6r min utveckling. Det \u00e4r en klubb som har ambitionerna att vara ett allsvenskt lag och som har f\u00f6ruts\u00e4ttningar att vara det. Sen kommer mina f\u00f6r\u00e4ldrar fr\u00e5n V\u00e4rnamo fr\u00e5n b\u00f6rjan, s\u00e5 jag har sl\u00e4kt som bor kvar h\u00e4r. Det var allts\u00e5 m\u00e5nga delar som klaffade och som g\u00f6r att det k\u00e4nns som r\u00e4tt beslut.<\/p>\n<p><strong>Vad har du f\u00f6r f\u00f6rv\u00e4ntningar p\u00e5 s\u00e4songen 2026?<\/strong><\/p>\n<p>S\u00e5klart att ta oss tillbaka till Allsvenskan, utveckla v\u00e5rt spel men jag vill s\u00e5klart ocks\u00e5 utvecklas som fotbollsspelare. Att ta oss tillbaka, etablera oss i Allsvenskan \u00e4r det l\u00e5ngsiktiga m\u00e5let \u2013 det kortsiktiga m\u00e5let \u00e4r att utvecklas som spelare och ha det bra i V\u00e4rnamo.<\/p>\n","protected":false},"excerpt":{"rendered":"V\u00e4lkommen till IFK V\u00e4rnamo, Sigge Jansson! Den 20-\u00e5riga mittf\u00e4ltaren Sigge Jansson ansluter till IFK V\u00e4rnamo och kommer senast&hellip;\n","protected":false},"author":2,"featured_media":134117,"comment_status":"","ping_status":"","sticky":false,"template":"","format":"standard","meta":{"footnotes":""},"categories":[5],"tags":[22,23,26,27,17,21,24,25,28,29,15,16,18,34,31,33,32,30,19,20],"class_list":{"0":"post-134116","1":"post","2":"type-post","3":"status-publish","4":"format-standard","5":"has-post-thumbnail","7":"category-rubriker","8":"tag-breaking-news","9":"tag-breakingnews","10":"tag-featured-news","11":"tag-featurednews","12":"tag-headlines","13":"tag-huvudnyheter","14":"tag-latest-news","15":"tag-latestnews","16":"tag-main-news","17":"tag-mainnews","18":"tag-news","19":"tag-nyheter","20":"tag-rubriker","21":"tag-se","22":"tag-svenska","23":"tag-sverige","24":"tag-sweden","25":"tag-swedish","26":"tag-top-stories","27":"tag-topstories"},"share_on_mastodon":{"url":"https:\/\/pubeurope.com\/@se\/115887180514924634","error":""},"_links":{"self":[{"href":"https:\/\/www.europesays.com\/se\/wp-json\/wp\/v2\/posts\/134116","targetHints":{"allow":["GET"]}}],"collection":[{"href":"https:\/\/www.europesays.com\/se\/wp-json\/wp\/v2\/posts"}],"about":[{"href":"https:\/\/www.europesays.com\/se\/wp-json\/wp\/v2\/types\/post"}],"author":[{"embeddable":true,"href":"https:\/\/www.europesays.com\/se\/wp-json\/wp\/v2\/users\/2"}],"replies":[{"embeddable":true,"href":"https:\/\/www.europesays.com\/se\/wp-json\/wp\/v2\/comments?post=134116"}],"version-history":[{"count":0,"href":"https:\/\/www.europesays.com\/se\/wp-json\/wp\/v2\/posts\/134116\/revisions"}],"wp:featuredmedia":[{"embeddable":true,"href":"https:\/\/www.europesays.com\/se\/wp-json\/wp\/v2\/media\/134117"}],"wp:attachment":[{"href":"https:\/\/www.europesays.com\/se\/wp-json\/wp\/v2\/media?parent=134116"}],"wp:term":[{"taxonomy":"category","embeddable":true,"href":"https:\/\/www.europesays.com\/se\/wp-json\/wp\/v2\/categories?post=134116"},{"taxonomy":"post_tag","embeddable":true,"href":"https:\/\/www.europesays.com\/se\/wp-json\/wp\/v2\/tags?post=134116"}],"curies":[{"name":"wp","href":"https:\/\/api.w.org\/{rel}","templated":true}]}}