{"id":134118,"date":"2026-01-13T09:54:07","date_gmt":"2026-01-13T09:54:07","guid":{"rendered":"https:\/\/www.europesays.com\/se\/134118\/"},"modified":"2026-01-13T09:54:07","modified_gmt":"2026-01-13T09:54:07","slug":"dags-for-semifinaler-i-champions-hockey-league","status":"publish","type":"post","link":"https:\/\/www.europesays.com\/se\/134118\/","title":{"rendered":"Dags f\u00f6r semifinaler i Champions Hockey League!"},"content":{"rendered":"<p><img decoding=\"async\" src=\"https:\/\/www.europesays.com\/se\/wp-content\/uploads\/2025\/08\/1756413623_985_error-b0945c17.png\" data- class=\"lazyload blur-up z-0\" style=\"\" alt=\"\" width=\"100%\" height=\"auto\" data-v-9e7f635d=\"\"\/><\/p>\n<p>CHL<\/p>\n<p class=\"article-intro\" data-v-7040d6fb=\"\">I kv\u00e4ll startar semifinalerna i Champions Hockey League \u2013\u00a0och tre av de fyra lagen som \u00e4r kvar i turneringen \u00e4r fr\u00e5n SHL. <\/p>\n<p class=\"paragraph text-left\"> SHL-lagen har gjort succ\u00e9 i \u00e5rets upplaga av Champions Hockey League. <\/p>\n<p class=\"paragraph text-left\"> Samtliga tre lag \u2013 Fr\u00f6lunda, Lule\u00e5 och Bryn\u00e4s \u2013 \u00e4r kvar i turneringen, n\u00e4r vi nu \u00e4r framme i semifinalerna. Det betyder allts\u00e5 att tre av fyra lag \u00e4r fr\u00e5n SHL, och att det blir minst ett svenskt lag i finalen.\u00a0 <\/p>\n<p class=\"paragraph text-left\"> Matchserierna avg\u00f6rs i b\u00e4st av tv\u00e5 matcher d\u00e4r det totala resultatet r\u00e4knas. \u00c4r det lika m\u00e5lm\u00e4ssigt efter tv\u00e5 matcher s\u00e5 v\u00e4ntar \u00f6vertid och sedermera straffar.\u00a0 <\/p>\n<p class=\"paragraph text-left\"> F\u00f6rsta m\u00f6tet spelas i kv\u00e4ll och returm\u00f6tet spelas om en vecka, 20 januari.\u00a0 <\/p>\n<p>13 januari 19.00: Bryn\u00e4s \u2013 Fr\u00f6lunda\u00a0<\/p>\n<p class=\"paragraph text-left\"> Den ena semifinalen blir allts\u00e5 helsvensk, mellan fjol\u00e5rets serievinnare Bryn\u00e4s och \u00e5rets serieledare Fr\u00f6lunda. Fr\u00f6lunda \u00e4r det lag som imponerat mest av de tv\u00e5 under den h\u00e4r s\u00e4songen, b\u00e5de i SHL och CHL, och ser vi till lagens m\u00f6ten i SHL den h\u00e4r vintern s\u00e5 har Fr\u00f6lunda vunnit tre av tre matcher. Fr\u00f6lunda har ocks\u00e5 f\u00f6rdelen av att spela den andra och avg\u00f6rande matchen p\u00e5 hemmaplan \u2013 men Bryn\u00e4s har \u00e5 andra sidan chansen att f\u00e5 en bra start p\u00e5 matchserien d\u00e5 man inleder hemma.\u00a0 <\/p>\n<p>13 januari 19.45: Zug \u2013 Lule\u00e5\u00a0<\/p>\n<p class=\"paragraph text-left\"> Lule\u00e5, fjol\u00e5rets svenska m\u00e4stare, st\u00e4lls mot schweiziska Zug i sin semifinal. Faktum \u00e4r att lagen kom p\u00e5 plats nio och tretton i CHL-grundspelet, men allts\u00e5 \u00e4nd\u00e5 lyckats ta sig till final. \u00c5terst\u00e5r att se om Zug kan bryta SHL-dominansen och ta sig till final, f\u00f6r man har ju en schweizisk &#8221;tradition&#8221; att b\u00e4ra vidare d\u00e5 de tv\u00e5 senaste \u00e5rens CHL-m\u00e4stare varit fr\u00e5n just Schweiz: Geneve-Servette (2024) och ZSC Lions (2025). Lule\u00e5 har f\u00f6rdel av att spela den andra och avg\u00f6rande matchen p\u00e5 hemmaplan.\u00a0 <\/p>\n","protected":false},"excerpt":{"rendered":"CHL I kv\u00e4ll startar semifinalerna i Champions Hockey League \u2013\u00a0och tre av de fyra lagen som \u00e4r kvar&hellip;\n","protected":false},"author":2,"featured_media":134119,"comment_status":"","ping_status":"","sticky":false,"template":"","format":"standard","meta":{"footnotes":""},"categories":[68],"tags":[34,111,110,31,33,32,30],"class_list":{"0":"post-134118","1":"post","2":"type-post","3":"status-publish","4":"format-standard","5":"has-post-thumbnail","7":"category-sport","8":"tag-se","9":"tag-sport","10":"tag-sports","11":"tag-svenska","12":"tag-sverige","13":"tag-sweden","14":"tag-swedish"},"share_on_mastodon":{"url":"https:\/\/pubeurope.com\/@se\/115887188444755940","error":""},"_links":{"self":[{"href":"https:\/\/www.europesays.com\/se\/wp-json\/wp\/v2\/posts\/134118","targetHints":{"allow":["GET"]}}],"collection":[{"href":"https:\/\/www.europesays.com\/se\/wp-json\/wp\/v2\/posts"}],"about":[{"href":"https:\/\/www.europesays.com\/se\/wp-json\/wp\/v2\/types\/post"}],"author":[{"embeddable":true,"href":"https:\/\/www.europesays.com\/se\/wp-json\/wp\/v2\/users\/2"}],"replies":[{"embeddable":true,"href":"https:\/\/www.europesays.com\/se\/wp-json\/wp\/v2\/comments?post=134118"}],"version-history":[{"count":0,"href":"https:\/\/www.europesays.com\/se\/wp-json\/wp\/v2\/posts\/134118\/revisions"}],"wp:featuredmedia":[{"embeddable":true,"href":"https:\/\/www.europesays.com\/se\/wp-json\/wp\/v2\/media\/134119"}],"wp:attachment":[{"href":"https:\/\/www.europesays.com\/se\/wp-json\/wp\/v2\/media?parent=134118"}],"wp:term":[{"taxonomy":"category","embeddable":true,"href":"https:\/\/www.europesays.com\/se\/wp-json\/wp\/v2\/categories?post=134118"},{"taxonomy":"post_tag","embeddable":true,"href":"https:\/\/www.europesays.com\/se\/wp-json\/wp\/v2\/tags?post=134118"}],"curies":[{"name":"wp","href":"https:\/\/api.w.org\/{rel}","templated":true}]}}