{"id":134123,"date":"2026-01-13T09:58:06","date_gmt":"2026-01-13T09:58:06","guid":{"rendered":"https:\/\/www.europesays.com\/se\/134123\/"},"modified":"2026-01-13T09:58:06","modified_gmt":"2026-01-13T09:58:06","slug":"usa-skarper-reseavradan-for-iran","status":"publish","type":"post","link":"https:\/\/www.europesays.com\/se\/134123\/","title":{"rendered":"USA sk\u00e4rper reseavr\u00e5dan f\u00f6r Iran"},"content":{"rendered":"<p>USA sk\u00e4rper sin reseavr\u00e5dan f\u00f6r Iran. USA-medborgare uppmanas nu att l\u00e4mna landet \u2013 om det g\u00e5r. <\/p>\n<p>\u201dHa en plan f\u00f6r att l\u00e4mna Iran som inte f\u00f6rlitar sig p\u00e5 hj\u00e4lp fr\u00e5n USA:s regering\u201d, lyder den uppdaterade s\u00e4kerhetsvarningen. \u201dDen som inte kan l\u00e4mna b\u00f6r hitta en s\u00e4ker plats i sin bostad eller en annan s\u00e4ker byggnad\u201d. <\/p>\n<p>Varningen kommer sedan USA:s president Donald Trump riktat upprepade hot mot regimen i Teheran som slagit ned mot de prodemokratiska protesterna.<\/p>\n","protected":false},"excerpt":{"rendered":"USA sk\u00e4rper sin reseavr\u00e5dan f\u00f6r Iran. USA-medborgare uppmanas nu att l\u00e4mna landet \u2013 om det g\u00e5r. \u201dHa en&hellip;\n","protected":false},"author":2,"featured_media":793,"comment_status":"","ping_status":"","sticky":false,"template":"","format":"standard","meta":{"footnotes":""},"categories":[14],"tags":[22,23,26,27,17,21,24,25,28,29,15,16,18,34,31,33,32,30,19,20,51,52,53,54],"class_list":{"0":"post-134123","1":"post","2":"type-post","3":"status-publish","4":"format-standard","5":"has-post-thumbnail","7":"category-varlden","8":"tag-breaking-news","9":"tag-breakingnews","10":"tag-featured-news","11":"tag-featurednews","12":"tag-headlines","13":"tag-huvudnyheter","14":"tag-latest-news","15":"tag-latestnews","16":"tag-main-news","17":"tag-mainnews","18":"tag-news","19":"tag-nyheter","20":"tag-rubriker","21":"tag-se","22":"tag-svenska","23":"tag-sverige","24":"tag-sweden","25":"tag-swedish","26":"tag-top-stories","27":"tag-topstories","28":"tag-varlden","29":"tag-world","30":"tag-world-news","31":"tag-worldnews"},"share_on_mastodon":{"url":"https:\/\/pubeurope.com\/@se\/115887204089011218","error":""},"_links":{"self":[{"href":"https:\/\/www.europesays.com\/se\/wp-json\/wp\/v2\/posts\/134123","targetHints":{"allow":["GET"]}}],"collection":[{"href":"https:\/\/www.europesays.com\/se\/wp-json\/wp\/v2\/posts"}],"about":[{"href":"https:\/\/www.europesays.com\/se\/wp-json\/wp\/v2\/types\/post"}],"author":[{"embeddable":true,"href":"https:\/\/www.europesays.com\/se\/wp-json\/wp\/v2\/users\/2"}],"replies":[{"embeddable":true,"href":"https:\/\/www.europesays.com\/se\/wp-json\/wp\/v2\/comments?post=134123"}],"version-history":[{"count":0,"href":"https:\/\/www.europesays.com\/se\/wp-json\/wp\/v2\/posts\/134123\/revisions"}],"wp:featuredmedia":[{"embeddable":true,"href":"https:\/\/www.europesays.com\/se\/wp-json\/wp\/v2\/media\/793"}],"wp:attachment":[{"href":"https:\/\/www.europesays.com\/se\/wp-json\/wp\/v2\/media?parent=134123"}],"wp:term":[{"taxonomy":"category","embeddable":true,"href":"https:\/\/www.europesays.com\/se\/wp-json\/wp\/v2\/categories?post=134123"},{"taxonomy":"post_tag","embeddable":true,"href":"https:\/\/www.europesays.com\/se\/wp-json\/wp\/v2\/tags?post=134123"}],"curies":[{"name":"wp","href":"https:\/\/api.w.org\/{rel}","templated":true}]}}