{"id":134126,"date":"2026-01-13T10:04:05","date_gmt":"2026-01-13T10:04:05","guid":{"rendered":"https:\/\/www.europesays.com\/se\/134126\/"},"modified":"2026-01-13T10:04:05","modified_gmt":"2026-01-13T10:04:05","slug":"googles-gemini-ska-driva-apples-ai-funktioner","status":"publish","type":"post","link":"https:\/\/www.europesays.com\/se\/134126\/","title":{"rendered":"Googles Gemini ska driva Apples AI-funktioner"},"content":{"rendered":"<p>Apple har <a href=\"https:\/\/blog.google\/company-news\/inside-google\/company-announcements\/joint-statement-google-apple\/\" rel=\"nofollow noopener\" target=\"_blank\">bekr\u00e4ftat<\/a> att de valt Google som samarbetspartner f\u00f6r att driva f\u00f6retagets AI-funktioner, som assistenten Siri. Avtalet, som <a href=\"https:\/\/techcrunch.com\/2026\/01\/12\/googles-gemini-to-power-apples-ai-features-like-siri\/\" rel=\"nofollow noopener\" target=\"_blank\">Techcrunch<\/a> uppger kan vara v\u00e4rt omkring en miljard dollar, inneb\u00e4r att Apple kommer anv\u00e4nda Googles molnteknik och spr\u00e5kmodeller f\u00f6r framtida versioner av Apples AI-modeller.<\/p>\n<p>\u201dEfter noggrant \u00f6verv\u00e4gande har vi kommit fram till att Googles teknik erbjuder den mest kapabla grunden f\u00f6r Apple Foundation Models, och vi \u00e4r entusiastiska \u00f6ver de innovativa nya upplevelser den kommer att m\u00f6jligg\u00f6ra f\u00f6r v\u00e5ra anv\u00e4ndare\u201d, s\u00e4ger Apple och Google i ett gemensamt uttalande.<\/p>\n<p>Apple uppges \u00e4ven ha testat AI-teknik fr\u00e5n Open AI och Anthropic innan de valde Google. Iphone-tillverkaren har tidigare kritiserats f\u00f6r att ligga efter i AI-racet. Det nya samarbetet med Googles uppges inte vara exklusivt.<\/p>\n","protected":false},"excerpt":{"rendered":"Apple har bekr\u00e4ftat att de valt Google som samarbetspartner f\u00f6r att driva f\u00f6retagets AI-funktioner, som assistenten Siri. Avtalet,&hellip;\n","protected":false},"author":2,"featured_media":134127,"comment_status":"","ping_status":"","sticky":false,"template":"","format":"standard","meta":{"footnotes":""},"categories":[66],"tags":[80,78,79,34,31,33,32,30,81,84,83,82],"class_list":{"0":"post-134126","1":"post","2":"type-post","3":"status-publish","4":"format-standard","5":"has-post-thumbnail","7":"category-vetenskap-och-teknik","8":"tag-science","9":"tag-science-and-technology","10":"tag-scienceandtechnology","11":"tag-se","12":"tag-svenska","13":"tag-sverige","14":"tag-sweden","15":"tag-swedish","16":"tag-technology","17":"tag-teknik","18":"tag-vetenskap","19":"tag-vetenskapteknik"},"share_on_mastodon":{"url":"https:\/\/pubeurope.com\/@se\/115887227766851726","error":""},"_links":{"self":[{"href":"https:\/\/www.europesays.com\/se\/wp-json\/wp\/v2\/posts\/134126","targetHints":{"allow":["GET"]}}],"collection":[{"href":"https:\/\/www.europesays.com\/se\/wp-json\/wp\/v2\/posts"}],"about":[{"href":"https:\/\/www.europesays.com\/se\/wp-json\/wp\/v2\/types\/post"}],"author":[{"embeddable":true,"href":"https:\/\/www.europesays.com\/se\/wp-json\/wp\/v2\/users\/2"}],"replies":[{"embeddable":true,"href":"https:\/\/www.europesays.com\/se\/wp-json\/wp\/v2\/comments?post=134126"}],"version-history":[{"count":0,"href":"https:\/\/www.europesays.com\/se\/wp-json\/wp\/v2\/posts\/134126\/revisions"}],"wp:featuredmedia":[{"embeddable":true,"href":"https:\/\/www.europesays.com\/se\/wp-json\/wp\/v2\/media\/134127"}],"wp:attachment":[{"href":"https:\/\/www.europesays.com\/se\/wp-json\/wp\/v2\/media?parent=134126"}],"wp:term":[{"taxonomy":"category","embeddable":true,"href":"https:\/\/www.europesays.com\/se\/wp-json\/wp\/v2\/categories?post=134126"},{"taxonomy":"post_tag","embeddable":true,"href":"https:\/\/www.europesays.com\/se\/wp-json\/wp\/v2\/tags?post=134126"}],"curies":[{"name":"wp","href":"https:\/\/api.w.org\/{rel}","templated":true}]}}