{"id":134128,"date":"2026-01-13T10:05:11","date_gmt":"2026-01-13T10:05:11","guid":{"rendered":"https:\/\/www.europesays.com\/se\/134128\/"},"modified":"2026-01-13T10:05:11","modified_gmt":"2026-01-13T10:05:11","slug":"detaljplan-for-industriomrade-i-lugnvik-till-granskning","status":"publish","type":"post","link":"https:\/\/www.europesays.com\/se\/134128\/","title":{"rendered":"Detaljplan f\u00f6r industriomr\u00e5de i Lugnvik till granskning"},"content":{"rendered":"<p class=\"normal\">Syftet \u00e4r att g\u00f6ra det m\u00f6jligt att utveckla det befintliga industriomr\u00e5det med industrier d\u00e4r synergier finns med p\u00e5g\u00e5ende verksamhet inom Lugnviksverket 1. Man vill ocks\u00e5 s\u00e4kra elf\u00f6rs\u00f6rjning i omr\u00e5det.<\/p>\n<p class=\"normal\">Planen handl\u00e4ggs med standardf\u00f6rfarande.<\/p>\n<p class=\"normal\"><a href=\"http:\/\/www.ostersund.se\/bygga-bo-klimat-och-miljo\/oversiktsplaner-och-detaljplaner\/detaljplanering\/detaljplaner-pa-gang.html#Norr125\" rel=\"nofollow noopener\" target=\"_blank\">H\u00e4r hittar du alla handlingar till f\u00f6rslaget<\/a><\/p>\n<p>Synpunkter<\/p>\n<p class=\"normal\">Har du n\u00e5gra synpunkter eller anm\u00e4rkningar p\u00e5 planf\u00f6rslaget kan du skicka dem till \u00d6stersunds kommun, Samh\u00e4llsbyggnad, 831 82 \u00d6stersund eller p\u00e5 e-postadressen: samhallsbyggnad@ostersund.se.<\/p>\n<p class=\"normal\">T\u00e4nk p\u00e5 att skriva kort och tydligt! Skriv s\u00e4rskilt om det du tycker \u00e4r bra, d\u00e5ligt, ska \u00e4ndras eller l\u00e4ggas till i planen &#8211; s\u00e5 blir det l\u00e4ttare att f\u00f6rst\u00e5 de synpunkter du l\u00e4mnar.<\/p>\n<p class=\"normal\">Granskningen p\u00e5g\u00e5r fr\u00e5n den 12 januari till den 1 februari 2026. Det \u00e4r viktigt att dina synpunkter har kommit in till Samh\u00e4llsbyggnad senast den 1 februari.<\/p>\n","protected":false},"excerpt":{"rendered":"Syftet \u00e4r att g\u00f6ra det m\u00f6jligt att utveckla det befintliga industriomr\u00e5det med industrier d\u00e4r synergier finns med p\u00e5g\u00e5ende&hellip;\n","protected":false},"author":2,"featured_media":134129,"comment_status":"","ping_status":"","sticky":false,"template":"","format":"standard","meta":{"footnotes":""},"categories":[65],"tags":[72,70,71,6282,13600,34,31,33,32,30],"class_list":{"0":"post-134128","1":"post","2":"type-post","3":"status-publish","4":"format-standard","5":"has-post-thumbnail","7":"category-ekonomi","8":"tag-business","9":"tag-economy","10":"tag-ekonomi","11":"tag-granskning","12":"tag-industriomrade","13":"tag-se","14":"tag-svenska","15":"tag-sverige","16":"tag-sweden","17":"tag-swedish"},"share_on_mastodon":{"url":"https:\/\/pubeurope.com\/@se\/115887231746742038","error":""},"_links":{"self":[{"href":"https:\/\/www.europesays.com\/se\/wp-json\/wp\/v2\/posts\/134128","targetHints":{"allow":["GET"]}}],"collection":[{"href":"https:\/\/www.europesays.com\/se\/wp-json\/wp\/v2\/posts"}],"about":[{"href":"https:\/\/www.europesays.com\/se\/wp-json\/wp\/v2\/types\/post"}],"author":[{"embeddable":true,"href":"https:\/\/www.europesays.com\/se\/wp-json\/wp\/v2\/users\/2"}],"replies":[{"embeddable":true,"href":"https:\/\/www.europesays.com\/se\/wp-json\/wp\/v2\/comments?post=134128"}],"version-history":[{"count":0,"href":"https:\/\/www.europesays.com\/se\/wp-json\/wp\/v2\/posts\/134128\/revisions"}],"wp:featuredmedia":[{"embeddable":true,"href":"https:\/\/www.europesays.com\/se\/wp-json\/wp\/v2\/media\/134129"}],"wp:attachment":[{"href":"https:\/\/www.europesays.com\/se\/wp-json\/wp\/v2\/media?parent=134128"}],"wp:term":[{"taxonomy":"category","embeddable":true,"href":"https:\/\/www.europesays.com\/se\/wp-json\/wp\/v2\/categories?post=134128"},{"taxonomy":"post_tag","embeddable":true,"href":"https:\/\/www.europesays.com\/se\/wp-json\/wp\/v2\/tags?post=134128"}],"curies":[{"name":"wp","href":"https:\/\/api.w.org\/{rel}","templated":true}]}}