{"id":13414,"date":"2025-08-25T14:42:13","date_gmt":"2025-08-25T14:42:13","guid":{"rendered":"https:\/\/www.europesays.com\/se\/13414\/"},"modified":"2025-08-25T14:42:13","modified_gmt":"2025-08-25T14:42:13","slug":"alexander-isak-och-newcastle-nya-detaljer-om-konflikten","status":"publish","type":"post","link":"https:\/\/www.europesays.com\/se\/13414\/","title":{"rendered":"Alexander Isak och Newcastle \u2013 nya detaljer om konflikten"},"content":{"rendered":"<p>Liverpool f\u00f6rbereder ett nytt miljardbud f\u00f6r Alexander Isak.<\/p>\n<p>Samtidigt s\u00e5gas svensken av andra fotbollsstj\u00e4rnor.\u00a0<\/p>\n<p>Och i Newcastle vill supportrar f\u00f6rst\u00f6ra Sveriges VM-kval genom att l\u00e5ta Alexander Isak ruttna i reservlaget.<\/p>\n<p>Bakom kulisserna befarar Newcastles ledning att andra spelare ska strejka om de s\u00e4ljer Isak till Liverpool.<\/p>\n<p>\u2013 Han har svikit alla, s\u00e4ger Liverpools och Newcastles tidigare m\u00e5lkung Andy Carroll till Expressen.\u00a0<\/p>\n","protected":false},"excerpt":{"rendered":"Liverpool f\u00f6rbereder ett nytt miljardbud f\u00f6r Alexander Isak. Samtidigt s\u00e5gas svensken av andra fotbollsstj\u00e4rnor.\u00a0 Och i Newcastle vill&hellip;\n","protected":false},"author":2,"featured_media":13415,"comment_status":"","ping_status":"","sticky":false,"template":"","format":"standard","meta":{"footnotes":""},"categories":[68],"tags":[1284,245,244,243,103,34,129,242,111,110,31,33,32,30],"class_list":{"0":"post-13414","1":"post","2":"type-post","3":"status-publish","4":"format-standard","5":"has-post-thumbnail","7":"category-sport","8":"tag-function-nyhetslag-3","9":"tag-organization-newcastle-united","10":"tag-organization-premier-league","11":"tag-person-alexander-isak","12":"tag-premium","13":"tag-se","14":"tag-sections-fotboll","15":"tag-sections-premierleague","16":"tag-sport","17":"tag-sports","18":"tag-svenska","19":"tag-sverige","20":"tag-sweden","21":"tag-swedish"},"share_on_mastodon":{"url":"","error":""},"_links":{"self":[{"href":"https:\/\/www.europesays.com\/se\/wp-json\/wp\/v2\/posts\/13414","targetHints":{"allow":["GET"]}}],"collection":[{"href":"https:\/\/www.europesays.com\/se\/wp-json\/wp\/v2\/posts"}],"about":[{"href":"https:\/\/www.europesays.com\/se\/wp-json\/wp\/v2\/types\/post"}],"author":[{"embeddable":true,"href":"https:\/\/www.europesays.com\/se\/wp-json\/wp\/v2\/users\/2"}],"replies":[{"embeddable":true,"href":"https:\/\/www.europesays.com\/se\/wp-json\/wp\/v2\/comments?post=13414"}],"version-history":[{"count":0,"href":"https:\/\/www.europesays.com\/se\/wp-json\/wp\/v2\/posts\/13414\/revisions"}],"wp:featuredmedia":[{"embeddable":true,"href":"https:\/\/www.europesays.com\/se\/wp-json\/wp\/v2\/media\/13415"}],"wp:attachment":[{"href":"https:\/\/www.europesays.com\/se\/wp-json\/wp\/v2\/media?parent=13414"}],"wp:term":[{"taxonomy":"category","embeddable":true,"href":"https:\/\/www.europesays.com\/se\/wp-json\/wp\/v2\/categories?post=13414"},{"taxonomy":"post_tag","embeddable":true,"href":"https:\/\/www.europesays.com\/se\/wp-json\/wp\/v2\/tags?post=13414"}],"curies":[{"name":"wp","href":"https:\/\/api.w.org\/{rel}","templated":true}]}}