{"id":134146,"date":"2026-01-13T10:26:15","date_gmt":"2026-01-13T10:26:15","guid":{"rendered":"https:\/\/www.europesays.com\/se\/134146\/"},"modified":"2026-01-13T10:26:15","modified_gmt":"2026-01-13T10:26:15","slug":"fem-orsaker-till-att-xabi-alonso-bara-fick-atta-manader-pa-jobbet-hufvudstadsbladet","status":"publish","type":"post","link":"https:\/\/www.europesays.com\/se\/134146\/","title":{"rendered":"Fem orsaker till att Xabi Alonso bara fick \u00e5tta m\u00e5nader p\u00e5 jobbet \u2013 Hufvudstadsbladet"},"content":{"rendered":"<p>Trots en finfin inledning med sjutton segrar p\u00e5 20 matcher blev Xabi Alonsos och Real Madrids gemensamma tid betydligt kortare \u00e4n b\u00e5da parter hade t\u00e4nkt sig. HBL listar fem faktorer som ledde till Alonso fick sparken fr\u00e5n j\u00e4tteklubben.<\/p>\n<p>Misst\u00e4nksamhet och politik<\/p>\n<p>Misst\u00e4nksamheten fanns d\u00e4r fr\u00e5n b\u00f6rjan. F\u00f6r trots att <strong>Xabi Alonso<\/strong> \u00e4r klubbens f\u00f6re spelare \u00e4r han bask och Baskiens f\u00f6rh\u00e5llande med centralmaktens Madrid \u00e4r l\u00e5ngt ifr\u00e5n okomplicerat. Och b\u00e5de supportrar och de stora och mindre pamparna f\u00f6ljde Alonsos f\u00f6rehavanden med f\u00f6rstoringsglas. D\u00e5 resultattrenden v\u00e4nde ner\u00e5t \u00f6kade trycket inifr\u00e5n och utifr\u00e5n. <\/p>\n<p>Real Madrid \u00e4r v\u00e4rldens st\u00f6rsta fotbollsklubb och h\u00e4r g\u00e4ller en st\u00e4ndig balansg\u00e5ng i korridorerna. Det g\u00e4ller att sm\u00f6ra tillr\u00e4ckligt upp\u00e5t och vara lyh\u00f6rd men best\u00e4md ner\u00e5t. Just den biten var Alonso inte s\u00e5 intresserad av. F\u00f6retr\u00e4daren <strong>Carlo Ancelotti<\/strong> f\u00f6rstod vikten av lite mingel och av att dricka r\u00f6dvin och \u00e4ta biff med ordf\u00f6randen<strong> Florentino P\u00e9rez<\/strong>. Alonso satt hellre p\u00e5 sitt kontor och gick igenom taktiska uppl\u00e4gg.<\/p>\n<p aria-disabled=\"true\" class=\"ad__preamble ad-text txt-style-muted txt-ui txt-ui--strong txt-ui-2\">Annons<\/p>\n<p aria-disabled=\"true\" class=\"ad__preamble ad-text txt-style-muted txt-ui txt-ui--strong txt-ui-2\">Annons<\/p>\n<p><img decoding=\"async\" width=\"640\" height=\"427\" class=\"article-image article-image--unbound\" alt=\"Carlo Ancelotti \u00e4r en av Real Madrids mest framg\u00e5ngsrika managers genom tiderna.\" src=\"https:\/\/www.europesays.com\/se\/wp-content\/uploads\/2026\/01\/34ce9e46-b98c-4ec6-86c3-0b9ed2cd8e40.jpeg\"   loading=\"lazy\"\/><a class=\"article__lightbox-link\" href=\"https:\/\/static.bonniernews.se\/ba\/34ce9e46-b98c-4ec6-86c3-0b9ed2cd8e40.jpeg?width=1400&amp;format=pjpg&amp;auto=avif\" data-pswp-width=\"1400\" data-pswp-height=\"933\" data-pswp-caption=\"Carlo Ancelotti \u00e4r en av Real Madrids mest framg\u00e5ngsrika managers genom tiderna. Bild: Nick Potts\/Lehtikuva\" data-pswp- rel=\"nofollow noopener\" target=\"_blank\">\u00d6ppna bild i helsk\u00e4rmsl\u00e4ge<\/a><\/p>\n<p class=\"txt-style-muted\" aria-hidden=\"true\">Carlo Ancelotti \u00e4r en av Real Madrids mest framg\u00e5ngsrika managers genom tiderna.<\/p>\n<p class=\"article__figcaption-attribution txt-style-muted\">Bild: Nick Potts\/Lehtikuva<\/p>\n<p>Inledningen var missvisande och skador st\u00f6rde<\/p>\n<p>Den forna mittf\u00e4ltsstj\u00e4rnan Alonso fick en flygande inledning p\u00e5 sejouren i Real Madrid d\u00e5 laget gick fr\u00e5n seger till seger. <\/p>\n<p>Spelm\u00e4ssigt imponerade Real bara stundtals men po\u00e4ngen trillade in mest tack vare den individuella briljans som finns inom laget. Laget hade dessutom stora problem med skador, i synnerhet i defensiven. Att hitta en solid startelva var ett problem.<\/p>\n<p>En obefintlig f\u00f6rs\u00e4song<\/p>\n<p>Eftersom Real Madrid deltog i Fifa:s VM f\u00f6r klubblag i USA under sommaren blev f\u00f6rs\u00e4songen kort, n\u00e4st intill obefintlig, f\u00f6r Alonso och Real. Alonsos taktiska uppl\u00e4gg \u00e4r sannerligen inte det l\u00e4ttaste att implementera. <\/p>\n<p>Hans taktiska pussel \u00e4r vackert att sk\u00e5da men i Los Blancos saknades hela tiden lite bitar h\u00e4r och d\u00e4r. Han om n\u00e5gon hade beh\u00f6vt en hel f\u00f6rs\u00e4song. <\/p>\n<p>Inget t\u00e5lamod<\/p>\n<p>I Real \u00e4r stressen, pressen och i viss m\u00e5n hysterin st\u00e4ndigt n\u00e4rvarande. Det \u00e4r br\u00e5ttom och t\u00e5lamod finns bara p\u00e5 pappret. V\u00e4rldens mest framg\u00e5ngsrika fotbollsklubb genom tiderna vill alltid vinna. Allt och mot alla. Och \u00e4r det s\u00e5 att spelet inte heller till hundra procent motsvarar f\u00f6rv\u00e4ntningarna \u00e4r det managern snabbt ute i kylan.<\/p>\n<p>Alonso hade en segerprocent p\u00e5 \u00f6ver 70 och borde naturligtvis ha f\u00e5tt forts\u00e4tta p\u00e5 posten. Men klubben t\u00e4nkte annorlunda. St\u00f6det fr\u00e5n toppskiktet saknades. <\/p>\n<p aria-disabled=\"true\" class=\"ad__preamble ad-text txt-style-muted txt-ui txt-ui--strong txt-ui-2\">Annons<\/p>\n<p>Alonso kan tr\u00f6sta sig med att han inte \u00e4r den f\u00f6rsta att g\u00e5 samma \u00f6de till m\u00f6tes.<\/p>\n<p>Segerprocenten f\u00f6r de senaste tio tr\u00e4narna f\u00f6r Real Madrid:<\/p>\n<p>Xabi Alonso: 70,59<\/p>\n<p>Carlo Ancelotti: 68,80<\/p>\n<p>Zinedine Zidane: 60,53<\/p>\n<p>Santiago Solari: 68,75<\/p>\n<p>Julen Lopetegui: 42,86<\/p>\n<p>Zinedine Zidane: 69,80<\/p>\n<p>Rafael Benitez: 68,0<\/p>\n<p>Carlo Ancelotti: 74,79<\/p>\n<p>Jos\u00e9 Mourinho: 71,91<\/p>\n<p>Manuel Pellegrini: 75,00<\/p>\n<p>Egon som inte ville lyssna<\/p>\n<p>Alonso hade gjort succ\u00e9 i Leverkusen som han p\u00e5 kort sid transformerat till ett av Europas b\u00e4sta och mest underh\u00e5llande lag att se p\u00e5. I Leverkusen lyckades han skapa en enhetlig enhet och ett homogent lag. <\/p>\n<p aria-disabled=\"true\" class=\"ad__preamble ad-text txt-style-muted txt-ui txt-ui--strong txt-ui-2\">Annons<\/p>\n<p>Visst fanns det stora stj\u00e4rnor ocks\u00e5 i Leverkusen men alla underordnade sig tr\u00e4narens vilja och taktiska uppl\u00e4gg.<\/p>\n<p>I Real gnisslade f\u00f6rh\u00e5llandet tidigt med exempelvis <strong>Vinicius jr <\/strong>som \u00e4r en person som kan f\u00e5 ett v\u00e4xthus att vissna p\u00e5 ett dygn om han s\u00e5 vill. Vinicius \u00e4r inte det enda superegot i Real men sannolikt \u00e4r brassen den som \u00e4r sv\u00e5rast att h\u00e5lla n\u00f6jd. Vinicius s\u00f6rjer knappast att basken f\u00f6rsvann. I viss m\u00e5n var avskedandet av Xabi Alonso \u00e4nnu ett bevis f\u00f6r att den alltf\u00f6r stora makt spelarna numera besitter.<\/p>\n<p><img decoding=\"async\" width=\"640\" height=\"427\" class=\"article-image article-image--unbound\" alt=\"Vinicius jr \u00e4r en spelare som ofta skapar rubriker.\" src=\"https:\/\/www.europesays.com\/se\/wp-content\/uploads\/2026\/01\/9cb3e987-69a6-4c67-b82b-a422f7323934.jpeg\"   loading=\"lazy\"\/><a class=\"article__lightbox-link\" href=\"https:\/\/static.bonniernews.se\/ba\/9cb3e987-69a6-4c67-b82b-a422f7323934.jpeg?width=1400&amp;format=pjpg&amp;auto=avif\" data-pswp-width=\"1400\" data-pswp-height=\"933\" data-pswp-caption=\"Vinicius jr \u00e4r en spelare som ofta skapar rubriker. Bild: Oscar Del Pozo\/Lehtikuva\" data-pswp- rel=\"nofollow noopener\" target=\"_blank\">\u00d6ppna bild i helsk\u00e4rmsl\u00e4ge<\/a><\/p>\n<p class=\"txt-style-muted\" aria-hidden=\"true\">Vinicius jr \u00e4r en spelare som ofta skapar rubriker.<\/p>\n<p class=\"article__figcaption-attribution txt-style-muted\">Bild: Oscar Del Pozo\/Lehtikuva<\/p>\n","protected":false},"excerpt":{"rendered":"Trots en finfin inledning med sjutton segrar p\u00e5 20 matcher blev Xabi Alonsos och Real Madrids gemensamma tid&hellip;\n","protected":false},"author":2,"featured_media":134147,"comment_status":"","ping_status":"","sticky":false,"template":"","format":"standard","meta":{"footnotes":""},"categories":[68],"tags":[34,111,110,31,33,32,30],"class_list":{"0":"post-134146","1":"post","2":"type-post","3":"status-publish","4":"format-standard","5":"has-post-thumbnail","7":"category-sport","8":"tag-se","9":"tag-sport","10":"tag-sports","11":"tag-svenska","12":"tag-sverige","13":"tag-sweden","14":"tag-swedish"},"share_on_mastodon":{"url":"https:\/\/pubeurope.com\/@se\/115887314292791062","error":""},"_links":{"self":[{"href":"https:\/\/www.europesays.com\/se\/wp-json\/wp\/v2\/posts\/134146","targetHints":{"allow":["GET"]}}],"collection":[{"href":"https:\/\/www.europesays.com\/se\/wp-json\/wp\/v2\/posts"}],"about":[{"href":"https:\/\/www.europesays.com\/se\/wp-json\/wp\/v2\/types\/post"}],"author":[{"embeddable":true,"href":"https:\/\/www.europesays.com\/se\/wp-json\/wp\/v2\/users\/2"}],"replies":[{"embeddable":true,"href":"https:\/\/www.europesays.com\/se\/wp-json\/wp\/v2\/comments?post=134146"}],"version-history":[{"count":0,"href":"https:\/\/www.europesays.com\/se\/wp-json\/wp\/v2\/posts\/134146\/revisions"}],"wp:featuredmedia":[{"embeddable":true,"href":"https:\/\/www.europesays.com\/se\/wp-json\/wp\/v2\/media\/134147"}],"wp:attachment":[{"href":"https:\/\/www.europesays.com\/se\/wp-json\/wp\/v2\/media?parent=134146"}],"wp:term":[{"taxonomy":"category","embeddable":true,"href":"https:\/\/www.europesays.com\/se\/wp-json\/wp\/v2\/categories?post=134146"},{"taxonomy":"post_tag","embeddable":true,"href":"https:\/\/www.europesays.com\/se\/wp-json\/wp\/v2\/tags?post=134146"}],"curies":[{"name":"wp","href":"https:\/\/api.w.org\/{rel}","templated":true}]}}