{"id":134165,"date":"2026-01-13T10:39:22","date_gmt":"2026-01-13T10:39:22","guid":{"rendered":"https:\/\/www.europesays.com\/se\/134165\/"},"modified":"2026-01-13T10:39:22","modified_gmt":"2026-01-13T10:39:22","slug":"samma-bil-stoppades-tva-ganger-pa-kort-tid-for-drograttfylleri","status":"publish","type":"post","link":"https:\/\/www.europesays.com\/se\/134165\/","title":{"rendered":"Samma bil stoppades tv\u00e5 g\u00e5nger p\u00e5 kort tid f\u00f6r drograttfylleri"},"content":{"rendered":"<p>        Foto: V\u00e4ster\u00e5s Tidning\/Arkiv\n    <\/p>\n<p>    \u2605 TISDAG 13 JANUARI \u2022 V\u00e4dret: Mulet \u2022 Guiden: \u00d6ppet hus<\/p>\n<p>Godmorgon V\u00e4ster\u00e5s!\u00a0<\/p>\n<p>Det har h\u00e4nt: Strax efter lunch p\u00e5 m\u00e5ndagen stoppade en polispatrull en bil p\u00e5 Sj\u00f6hagsv\u00e4gen i V\u00e4ster\u00e5s. Bilens f\u00f6rare, en man i 35-\u00e5rs\u00e5ldern, misst\u00e4nks f\u00f6r drograttfylleri och ringa narkotikabrott eget bruk. Hans k\u00f6rkort omh\u00e4ndertogs. Bara n\u00e5gon timme senare stoppades samma bil \u00e5ter p\u00e5 samma v\u00e4g. En annan man i samma \u00e5lder k\u00f6rde d\u00e5 bilen och \u00e4ven han blev misst\u00e4nkt f\u00f6r drograttfylleri och hans k\u00f6rkort omh\u00e4ndertogs<\/p>\n<p>S\u00e5 blir v\u00e4dret enligt SMHI:\u00a0\u00d6verv\u00e4gande mulen tisdag, eventuellt med n\u00e5got sn\u00f6fall mot kv\u00e4llen. Dagstemperatur p\u00e5 1\u20134 minusgrader.<\/p>\n<p>Det h\u00e4nder idag i V\u00e4ster\u00e5s<\/p>\n<p data-lab-font_weight=\"font-weight-bold\" class=\"font-weight-bold m-font-weight-bold\">\u00d6ppet hus<\/p>\n<p>Plats: Regionhuset (Gamla lasarettet) ing\u00e5ng 6<\/p>\n<p>Tid: 12.00\u201316.00<\/p>\n<p>Vad: Medicinhistoriska museet h\u00e5ller \u00d6ppet hus. Lokalerna \u00e4r handikappanpassade.<\/p>\n","protected":false},"excerpt":{"rendered":"Foto: V\u00e4ster\u00e5s Tidning\/Arkiv \u2605 TISDAG 13 JANUARI \u2022 V\u00e4dret: Mulet \u2022 Guiden: \u00d6ppet hus Godmorgon V\u00e4ster\u00e5s!\u00a0 Det har&hellip;\n","protected":false},"author":2,"featured_media":134166,"comment_status":"","ping_status":"","sticky":false,"template":"","format":"standard","meta":{"footnotes":""},"categories":[12],"tags":[22,23,26,27,17,21,24,25,28,29,15,16,18,34,31,33,32,30,19,20],"class_list":{"0":"post-134165","1":"post","2":"type-post","3":"status-publish","4":"format-standard","5":"has-post-thumbnail","7":"category-sverige","8":"tag-breaking-news","9":"tag-breakingnews","10":"tag-featured-news","11":"tag-featurednews","12":"tag-headlines","13":"tag-huvudnyheter","14":"tag-latest-news","15":"tag-latestnews","16":"tag-main-news","17":"tag-mainnews","18":"tag-news","19":"tag-nyheter","20":"tag-rubriker","21":"tag-se","22":"tag-svenska","23":"tag-sverige","24":"tag-sweden","25":"tag-swedish","26":"tag-top-stories","27":"tag-topstories"},"share_on_mastodon":{"url":"https:\/\/pubeurope.com\/@se\/115887365424108060","error":""},"_links":{"self":[{"href":"https:\/\/www.europesays.com\/se\/wp-json\/wp\/v2\/posts\/134165","targetHints":{"allow":["GET"]}}],"collection":[{"href":"https:\/\/www.europesays.com\/se\/wp-json\/wp\/v2\/posts"}],"about":[{"href":"https:\/\/www.europesays.com\/se\/wp-json\/wp\/v2\/types\/post"}],"author":[{"embeddable":true,"href":"https:\/\/www.europesays.com\/se\/wp-json\/wp\/v2\/users\/2"}],"replies":[{"embeddable":true,"href":"https:\/\/www.europesays.com\/se\/wp-json\/wp\/v2\/comments?post=134165"}],"version-history":[{"count":0,"href":"https:\/\/www.europesays.com\/se\/wp-json\/wp\/v2\/posts\/134165\/revisions"}],"wp:featuredmedia":[{"embeddable":true,"href":"https:\/\/www.europesays.com\/se\/wp-json\/wp\/v2\/media\/134166"}],"wp:attachment":[{"href":"https:\/\/www.europesays.com\/se\/wp-json\/wp\/v2\/media?parent=134165"}],"wp:term":[{"taxonomy":"category","embeddable":true,"href":"https:\/\/www.europesays.com\/se\/wp-json\/wp\/v2\/categories?post=134165"},{"taxonomy":"post_tag","embeddable":true,"href":"https:\/\/www.europesays.com\/se\/wp-json\/wp\/v2\/tags?post=134165"}],"curies":[{"name":"wp","href":"https:\/\/api.w.org\/{rel}","templated":true}]}}