{"id":134179,"date":"2026-01-13T10:48:07","date_gmt":"2026-01-13T10:48:07","guid":{"rendered":"https:\/\/www.europesays.com\/se\/134179\/"},"modified":"2026-01-13T10:48:07","modified_gmt":"2026-01-13T10:48:07","slug":"polis-elchockade-krogbesokare-i-halsen-i-stockholm-doms-for-misshandel","status":"publish","type":"post","link":"https:\/\/www.europesays.com\/se\/134179\/","title":{"rendered":"Polis elchockade krogbes\u00f6kare i halsen i Stockholm \u2013 d\u00f6ms f\u00f6r misshandel"},"content":{"rendered":"<p>P\u00e5 bilder som SVT tagit del av ser man att mannen f\u00f6rs\u00f6ker ta sig in p\u00e5 krogen genom att g\u00e5 f\u00f6rbi k\u00f6n. Ordningsvakter f\u00e5r syn p\u00e5 mannen och drar ut och l\u00e4gger ner honom p\u00e5 marken utanf\u00f6r krogen. En polisman ansluter snabbt och det \u00e4r han som senare anv\u00e4nder elchockvapen mot m\u00e5ls\u00e4garen hals n\u00e4r han ligger ner. <\/p>\n<p>\u2013 Den h\u00e4r polisen g\u00e5tt alldeles f\u00f6r l\u00e5ngt i sitt v\u00e5ldsanv\u00e4ndande n\u00e4r han s\u00e4tter elchockvapnet mot nacken\/halsen. M\u00e5ls\u00e4ganden \u00e4r dessutom passiv, s\u00e4ger Marianne Nordstr\u00f6m, som \u00e4r chefs\u00e5klagare p\u00e5 s\u00e4rskilda \u00e5klagarkammaren till SVT.<\/p>\n<p>Tydliga f\u00f6reskrifter av hur elchockvapen ska anv\u00e4ndas<\/p>\n<p>F\u00f6rskrifterna \u00e4r tydliga, polis f\u00e5r inte anv\u00e4nda elchockvapen mot ansikte, hals, nacke och genitalier. P\u00e5 bilderna SVT tagit del av och som visats i Stockholms tingsr\u00e4tt under f\u00f6rhandlingarna syns br\u00e4nnm\u00e4rken p\u00e5 halsen\/nacken som ser ut att komma fr\u00e5n elchockvapnet.<\/p>\n<p>\u2013 Att s\u00e4tta elchockvapnet mot nacken d\u00e4r det \u00e4r m\u00e5nga nervbanor, d\u00e5 kan effekten bli st\u00f6rre \u00e4ven om inte det \u00e4r vetenskapligt bevisat. V\u00e5ldet mot den h\u00e4r personen \u00e4r of\u00f6rsvarbart, s\u00e4ger Marianne Nordstr\u00f6m, chefs\u00e5klagare p\u00e5 s\u00e4rskilda \u00e5klagarkammaren. <\/p>\n<p>Tingsr\u00e4tten g\u00e5r p\u00e5 samma linje och beskriver att det visserligen finns lagligt st\u00f6d f\u00f6r polisen att anv\u00e4nda visst v\u00e5ld i samband med ett avl\u00e4gsnande enligt polislagen. D\u00e4remot bed\u00f6mer de att anv\u00e4ndningen av elchockvapnet i den aktuella situationen inte var f\u00f6rsvarlig.<\/p>\n<p>Polismannen har utbildats i elchockvapen<\/p>\n<p>Polismannen, som \u00e4r i 30-\u00e5rs\u00e5ldern, f\u00e5r villkorlig dom och samh\u00e4llstj\u00e4nst. Tingsr\u00e4tten skriver att om f\u00e4ngelse d\u00f6mts ut skulle han f\u00e5tt fyra m\u00e5nader. <\/p>\n<p>Han gick utbildningen f\u00f6r elchockvapen under v\u00e5ren 2024. Han har sj\u00e4lv sagt i f\u00f6rh\u00f6r att det k\u00e4nns orimligt att han skulle s\u00e4tta elchockvapen mot halsen p\u00e5 en person. Han s\u00e4ger att de g\u00e5nger han anv\u00e4nt elchockvapen s\u00e5 har han satt den mot stora kroppsdelar.<\/p>\n<p>Han riskerar med domen att f\u00f6rlora jobbet, ett beslut som fattas av polisens personalansvarsn\u00e4mnd. Den d\u00f6mde polismannen ska betala skadest\u00e5nd till den drabbade mannen med totalt 33\u00a0100 kronor.<\/p>\n<p>M\u00e5ls\u00e4garen och hans advokat Josefine Rasmusson vill inte uttala sig till SVT. SVT har \u00e4ven s\u00f6kt polismannens advokat Johan Eriksson, men vi har inte f\u00e5tt kontakt med honom. <\/p>\n","protected":false},"excerpt":{"rendered":"P\u00e5 bilder som SVT tagit del av ser man att mannen f\u00f6rs\u00f6ker ta sig in p\u00e5 krogen genom&hellip;\n","protected":false},"author":2,"featured_media":134180,"comment_status":"","ping_status":"","sticky":false,"template":"","format":"standard","meta":{"footnotes":""},"categories":[5],"tags":[22,23,26,27,17,21,24,25,28,29,15,16,18,34,31,33,32,30,19,20],"class_list":{"0":"post-134179","1":"post","2":"type-post","3":"status-publish","4":"format-standard","5":"has-post-thumbnail","7":"category-rubriker","8":"tag-breaking-news","9":"tag-breakingnews","10":"tag-featured-news","11":"tag-featurednews","12":"tag-headlines","13":"tag-huvudnyheter","14":"tag-latest-news","15":"tag-latestnews","16":"tag-main-news","17":"tag-mainnews","18":"tag-news","19":"tag-nyheter","20":"tag-rubriker","21":"tag-se","22":"tag-svenska","23":"tag-sverige","24":"tag-sweden","25":"tag-swedish","26":"tag-top-stories","27":"tag-topstories"},"share_on_mastodon":{"url":"https:\/\/pubeurope.com\/@se\/115887400713289628","error":""},"_links":{"self":[{"href":"https:\/\/www.europesays.com\/se\/wp-json\/wp\/v2\/posts\/134179","targetHints":{"allow":["GET"]}}],"collection":[{"href":"https:\/\/www.europesays.com\/se\/wp-json\/wp\/v2\/posts"}],"about":[{"href":"https:\/\/www.europesays.com\/se\/wp-json\/wp\/v2\/types\/post"}],"author":[{"embeddable":true,"href":"https:\/\/www.europesays.com\/se\/wp-json\/wp\/v2\/users\/2"}],"replies":[{"embeddable":true,"href":"https:\/\/www.europesays.com\/se\/wp-json\/wp\/v2\/comments?post=134179"}],"version-history":[{"count":0,"href":"https:\/\/www.europesays.com\/se\/wp-json\/wp\/v2\/posts\/134179\/revisions"}],"wp:featuredmedia":[{"embeddable":true,"href":"https:\/\/www.europesays.com\/se\/wp-json\/wp\/v2\/media\/134180"}],"wp:attachment":[{"href":"https:\/\/www.europesays.com\/se\/wp-json\/wp\/v2\/media?parent=134179"}],"wp:term":[{"taxonomy":"category","embeddable":true,"href":"https:\/\/www.europesays.com\/se\/wp-json\/wp\/v2\/categories?post=134179"},{"taxonomy":"post_tag","embeddable":true,"href":"https:\/\/www.europesays.com\/se\/wp-json\/wp\/v2\/tags?post=134179"}],"curies":[{"name":"wp","href":"https:\/\/api.w.org\/{rel}","templated":true}]}}