{"id":134187,"date":"2026-01-13T10:54:13","date_gmt":"2026-01-13T10:54:13","guid":{"rendered":"https:\/\/www.europesays.com\/se\/134187\/"},"modified":"2026-01-13T10:54:13","modified_gmt":"2026-01-13T10:54:13","slug":"rysk-diplomat-dod-pa-ambassaden-i-cypern","status":"publish","type":"post","link":"https:\/\/www.europesays.com\/se\/134187\/","title":{"rendered":"Rysk diplomat d\u00f6d p\u00e5 ambassaden i Cypern"},"content":{"rendered":"<p>Publicerad 12 jan 2026 kl 18.53Uppdaterad kl 20.03<\/p>\n<p>En rysk diplomat har hittats d\u00f6d p\u00e5 ryska ambassaden i Limassol i Cypern.<\/p>\n<p>D\u00f6dsfallet intr\u00e4ffade dagen efter att en rysk aff\u00e4rsman f\u00f6rsvunnit fr\u00e5n sitt hem p\u00e5 Cypern f\u00f6rra veckan.<\/p>\n<p>Cypriotisk polis utreder b\u00e5da h\u00e4ndelserna, enligt <a href=\"https:\/\/cyprus-mail.com\/2026\/01\/12\/russian-embassy-official-found-dead-in-nicosia\" rel=\"nofollow noopener\" target=\"_blank\">Cyprus Mail<\/a>.<\/p>\n<p>Senaste nyhetsklippen fr\u00e5n Expressen.<img   alt=\"\"\/><\/p>\n<p>En rysk diplomat har hittats d\u00f6d p\u00e5 ambassaden i Limassol.<\/p>\n<p>Foto: HENRIK ISAKSSON \/ IBL<\/p>\n<p>\u00d6ppna bild i helsk\u00e4rm<img loading=\"lazy\"   alt=\"\"\/><\/p>\n<p>Limassol, Cypern.<\/p>\n<p>Foto: Petros Karadjias \/ TT NYHETSBYR\u00c5N<\/p>\n<p>\u00d6ppna bild i helsk\u00e4rm<\/p>\n<p>I onsdags f\u00f6rra veckan f\u00f6rsvann den ryske aff\u00e4rsmannen Vladislav Baumgertner, 56, fr\u00e5n sitt hem i Limassol.<\/p>\n<p>Dagen efter hittades en senior rysk diplomat d\u00f6d inne p\u00e5 den ryska ambassaden i den cypriotiska huvudstaden, rapporterar Cyprus Mail. Polisen kontaktades dock inte f\u00f6rr\u00e4n flera timmar efter d\u00f6dsfallet, och d\u00e5 sl\u00e4pptes de inte in i ambassadbyggnaden.<\/p>\n<p>N\u00e4r polisen bad om tillst\u00e5nd att g\u00e5 in i byggnaden och utreda d\u00f6dsfallet f\u00f6rv\u00e4grades de. \u00a0Enligt uppgifter till Cyprus Mail ska obduktionen av liket visat att personen avled av \u201donaturliga orsaker\u201d.<\/p>\n<p>Enligt k\u00e4llor till tidningen har rysk ambassadpersonal uppgett f\u00f6r polisen att diplomaten beg\u00e5tt sj\u00e4lvmord, och att han efterl\u00e4mnade ett brev. Brevet ska ha skickats till <a href=\"https:\/\/www.expressen.se\/tagg\/location\/moskva\/\" class=\"\" rel=\"nofollow noopener\" target=\"_blank\">Moskva<\/a>, och cypriotiska myndigheter ska inte ha f\u00e5tt tillg\u00e5ng till det.<\/p>\n<p>Polisen vill inte kommentera \u00e4rendet officiellt med h\u00e4nvisning till den p\u00e5g\u00e5ende utredningen.<\/p>\n<p><strong>L\u00c4S MER: <\/strong><a href=\"https:\/\/www.expressen.se\/nyheter\/varlden\/rysk-miljonar-forsvunnen\/\" class=\"\" rel=\"nofollow noopener\" target=\"_blank\">Rysk miljon\u00e4r f\u00f6rsvunnen<\/a><strong>L\u00c4S MER: <\/strong><a href=\"https:\/\/www.expressen.se\/nyheter\/varlden\/experter-usel-vecka-for-putin-har-fornedrats\/\" class=\"\" rel=\"nofollow noopener\" target=\"_blank\">Experter: Usel vecka f\u00f6r Putin \u2013 har f\u00f6rnedrats<\/a><\/p>\n","protected":false},"excerpt":{"rendered":"Publicerad 12 jan 2026 kl 18.53Uppdaterad kl 20.03 En rysk diplomat har hittats d\u00f6d p\u00e5 ryska ambassaden i&hellip;\n","protected":false},"author":2,"featured_media":134188,"comment_status":"","ping_status":"","sticky":false,"template":"","format":"standard","meta":{"footnotes":""},"categories":[14],"tags":[22,23,26,27,17,21,24,25,13522,4565,28,29,15,16,18,34,55,31,33,32,30,19,427,20,51,52,53,54],"class_list":{"0":"post-134187","1":"post","2":"type-post","3":"status-publish","4":"format-standard","5":"has-post-thumbnail","7":"category-varlden","8":"tag-breaking-news","9":"tag-breakingnews","10":"tag-featured-news","11":"tag-featurednews","12":"tag-headlines","13":"tag-huvudnyheter","14":"tag-latest-news","15":"tag-latestnews","16":"tag-location-cypern","17":"tag-location-moskva","18":"tag-main-news","19":"tag-mainnews","20":"tag-news","21":"tag-nyheter","22":"tag-rubriker","23":"tag-se","24":"tag-sections-varlden","25":"tag-svenska","26":"tag-sverige","27":"tag-sweden","28":"tag-swedish","29":"tag-top-stories","30":"tag-topic-dodsfall","31":"tag-topstories","32":"tag-varlden","33":"tag-world","34":"tag-world-news","35":"tag-worldnews"},"share_on_mastodon":{"url":"https:\/\/pubeurope.com\/@se\/115887424438043632","error":""},"_links":{"self":[{"href":"https:\/\/www.europesays.com\/se\/wp-json\/wp\/v2\/posts\/134187","targetHints":{"allow":["GET"]}}],"collection":[{"href":"https:\/\/www.europesays.com\/se\/wp-json\/wp\/v2\/posts"}],"about":[{"href":"https:\/\/www.europesays.com\/se\/wp-json\/wp\/v2\/types\/post"}],"author":[{"embeddable":true,"href":"https:\/\/www.europesays.com\/se\/wp-json\/wp\/v2\/users\/2"}],"replies":[{"embeddable":true,"href":"https:\/\/www.europesays.com\/se\/wp-json\/wp\/v2\/comments?post=134187"}],"version-history":[{"count":0,"href":"https:\/\/www.europesays.com\/se\/wp-json\/wp\/v2\/posts\/134187\/revisions"}],"wp:featuredmedia":[{"embeddable":true,"href":"https:\/\/www.europesays.com\/se\/wp-json\/wp\/v2\/media\/134188"}],"wp:attachment":[{"href":"https:\/\/www.europesays.com\/se\/wp-json\/wp\/v2\/media?parent=134187"}],"wp:term":[{"taxonomy":"category","embeddable":true,"href":"https:\/\/www.europesays.com\/se\/wp-json\/wp\/v2\/categories?post=134187"},{"taxonomy":"post_tag","embeddable":true,"href":"https:\/\/www.europesays.com\/se\/wp-json\/wp\/v2\/tags?post=134187"}],"curies":[{"name":"wp","href":"https:\/\/api.w.org\/{rel}","templated":true}]}}