{"id":134192,"date":"2026-01-13T10:59:58","date_gmt":"2026-01-13T10:59:58","guid":{"rendered":"https:\/\/www.europesays.com\/se\/134192\/"},"modified":"2026-01-13T10:59:58","modified_gmt":"2026-01-13T10:59:58","slug":"jonas-om-att-leva-med-narcissistiskt-personlighetssyndrom","status":"publish","type":"post","link":"https:\/\/www.europesays.com\/se\/134192\/","title":{"rendered":"Jonas om att leva med narcissistiskt personlighetssyndrom"},"content":{"rendered":"<p>Publicerad 12 jan 2026 kl 17.07Uppdaterad 13 jan kl 07.43<\/p>\n<p>Det \u00e4r en av de mest missf\u00f6rst\u00e5dda, psykiatriska diagnoserna.<\/p>\n<p>I f\u00f6rsta delen av den nya SVT-serien \u201dI huvudet p\u00e5 en narcissist\u201d, ber\u00e4ttar Jonas om sin \u201dst\u00f6rsta hemlighet\u201d och det han tror var den utl\u00f6sande faktorn:<\/p>\n<p>\u2013 Jag tror att en omedveten narcissism kan bli farlig, och s\u00e4rskilt om man pratar om parrelationer.<\/p>\n<p><img   alt=\"I SVT-serien \u201dI huvudet p\u00e5 en narcissist\u201d ber\u00e4ttar \u201dJonas\u201d om vad som han tror var den utl\u00f6sande faktorn f\u00f6r hans narcissism.\"\/><\/p>\n<p>I SVT-serien \u201dI huvudet p\u00e5 en narcissist\u201d ber\u00e4ttar \u201dJonas\u201d om vad som han tror var den utl\u00f6sande faktorn f\u00f6r hans narcissism. Foto: SVT<\/p>\n<p>Dela artikel<\/p>\n<p>Kopiera l\u00e4nk<\/p>\n<p>L\u00e4nk kopierad<\/p>\n<p>Uppemot var 20:e svensk uppskattas lida av narcissistiskt personlighetssyndrom.<\/p>\n<p>Jonas, som \u00e4r en av dem, \u00e4r \u00f6vertygad: En narcissist som \u00e4r omedveten om sin diagnos kan vara farlig:<\/p>\n<p>\u2013 S\u00e4rskilt om man pratar om parrelationer. Och det var absolut farligt f\u00f6r min omgivning och f\u00f6r mig sj\u00e4lv.\u00a0<\/p>\n<p>ARTIKELN I KORTHET<\/p>\n<p>\u2022 Upp till var 20:e svensk kan lida av narcissistiskt personlighetssyndrom.<\/p>\n<p>\u2022 Jonas, en av dem, ber\u00e4ttar om skam, sj\u00e4lvhat och farliga konsekvenser f\u00f6r omgivningen.<\/p>\n<p>\u2022 Nya terapiformer ger hopp \u2013 men stigma och missf\u00f6rst\u00e5nd kvarst\u00e5r.<\/p>\n<p>Visa mer<\/p>\n<p>Martin Wollgast, psykolog och docent i psykologi vid Lunds universitet, ber\u00e4ttar i den nya <a href=\"https:\/\/www.svtplay.se\/video\/eDmYg2g\/i-huvudet-pa-en-narcissist\/1-bakom-masken\" rel=\"nofollow noopener\" target=\"_blank\">SVT-dokument\u00e4ren \u201dI huvudet p\u00e5 en narcissist\u201d<\/a> att det pratas mer om narcissism nuf\u00f6rtiden \u00e4n tidigare:<\/p>\n<p>\u2013 Om vi backar bandet till 80-90-talet s\u00e5 var det ett begrepp som f\u00f6retr\u00e4desvis f\u00f6rekom i akademiska sammanhang och psykologiska texter, s\u00e4ger han.<\/p>\n<p><img loading=\"lazy\"   alt=\"Martin Wollgast \u00e4r psykolog och docent i psykologi vid Lunds universitet.\"\/><\/p>\n<p>Martin Wollgast \u00e4r psykolog och docent i psykologi vid Lunds universitet. Foto: SVT.<\/p>\n<p>Jonas, som egentligen heter n\u00e5got annat, minns en barndom kantad av br\u00e5k och konflikter.\u00a0<\/p>\n<p>I skolan k\u00e4nde han sig otrygg, tyckte inte att n\u00e5gon s\u00e5g eller f\u00f6rstod honom.<\/p>\n<p>\u2013 Det \u00e4r alltid sv\u00e5rt att veta n\u00e4r allting b\u00f6rjade, men jag t\u00e4nker att det \u00e4r en kombination av faktorer. Det ena \u00e4r att jag har en \u00e4rftlig s\u00e5rbarhet f\u00f6r narcissism och drag att utveckla den v\u00e4ldigt starkt. Det andra \u00e4r den utl\u00f6sande faktorn: Det \u00e4r v\u00e4l n\u00e4r jag hittade min pappa d\u00f6d efter att han tagit sitt liv och det trauma det innebar f\u00f6r mig.\u00a0<\/p>\n<p><img loading=\"lazy\"   alt=\"Peder Bj\u00f6rling \u00e4r \u00f6verl\u00e4kare i psykiatri och psykoterapeut vid personlighetsprogrammet vid psykiatri sydv\u00e4st i Huddinge.\"\/><\/p>\n<p>Peder Bj\u00f6rling \u00e4r \u00f6verl\u00e4kare i psykiatri och psykoterapeut vid personlighetsprogrammet vid psykiatri sydv\u00e4st i Huddinge. Foto: SVT<\/p>\n<p>Peder Bj\u00f6rling, \u00f6verl\u00e4kare i psykiatri och psykoterapeut vid personlighetsprogrammet vid psykiatri sydv\u00e4st i Huddinge, f\u00f6rklarar att personer med patologisk narcissism har en tendens att g\u00e5 till verbal attack n\u00e4r de k\u00e4nner sig attackerade:<\/p>\n<p>\u2013 Och att riktigt trycka ner n\u00e5gon verbalt brukar vi kalla f\u00f6r psykisk misshandel, det kan ge fruktansv\u00e4rda konsekvenser f\u00f6r den som blir utsatt f\u00f6r det.<\/p>\n<p>Det skiljer psykopaten fr\u00e5n narcisissten<\/p>\n<p><strong>Personer med psykopatiska drag:<\/strong><\/p>\n<p>\u2022 \u00c4r mer k\u00e4nslokalla \u00e4n narcissister. Har ofta en ytlig charm, men lider brist p\u00e5 empati.<\/p>\n<p>\u2022 K\u00e4nner varken skuld eller \u00e5nger.<\/p>\n<p>\u2022 Agerar mer f\u00f6r egen vinnings skull utan att bry sig om konsekvenserna f\u00f6r andra.<\/p>\n<p>\u2022 \u00c4r farligt impulsiva.<\/p>\n<p><strong>Personer med narcissistiska drag:<\/strong><\/p>\n<p>\u2022 Har ett st\u00f6rre behov \u00e4n psykopater att st\u00e5 i centrum och f\u00e5 uppm\u00e4rksamhet, bekr\u00e4ftelse och beundran.<\/p>\n<p>\u2022 En \u00f6verdriven tilltro till den egna f\u00f6rm\u00e5gan.<\/p>\n<p>\u2022 L\u00e4ttkr\u00e4nkta och mer k\u00e4nsliga f\u00f6r kritik.<\/p>\n<p>Man kan ocks\u00e5 ha en kombination av b\u00e5da dragen.<\/p>\n<p><strong>K\u00e4lla: <\/strong>David Waskuri, psykolog.<\/p>\n<p>Visa mer<\/p>\n<p>Han f\u00f6rklarar vidare att f\u00f6r de som lever n\u00e4ra n\u00e5gon med patologisk narcissism kan det vara hj\u00e4lpsamt att s\u00e4tta sig in i hur den typen av personer fungerar \u2013 varf\u00f6r de beter sig som de g\u00f6r.<\/p>\n<p>\u2013 Att f\u00f6rst\u00e5 att n\u00e5gon har en sjukdom, och mer hur den funkar, \u00e4r inte samma sak som att acceptera den personens beteenden, s\u00e4ger han.<\/p>\n<p>Jonas \u201dst\u00f6rsta hemlighet\u201d<\/p>\n<p>Under drygt 30 \u00e5r har Jonas haft kontakt med psykiatrin. N\u00e4r han fick veta vad han lider av blev det hans \u201dst\u00f6rsta hemlighet\u201d.\u00a0<\/p>\n<p>Han s\u00e4ger att diagnosen medf\u00f6r ett slags sj\u00e4lvhat:<\/p>\n<p>\u2013 Samtidigt vet jag ocks\u00e5 att jag m\u00e5ste ta ansvar f\u00f6r saker jag g\u00f6r fel. Inte skylla ifr\u00e5n mig.\u00a0<\/p>\n<p><img loading=\"lazy\"   alt=\"\"\/><\/p>\n<p>\u201dJonas\u201d f\u00f6rklarar att han k\u00e4nner stor skam.<\/p>\n<p>Foto: SVT<\/p>\n<p><img loading=\"lazy\"   alt=\"\"\/><\/p>\n<p>SVT-serien \u201dI huvudet p\u00e5 en narcissist\u201d s\u00e4nds i tre delar.<\/p>\n<p>Foto: SVT<\/p>\n<p>Som n\u00e4r han s\u00e5rar m\u00e4nniskor och beter sig p\u00e5 ett s\u00e4tt som g\u00f6r att omgivningen tar illa vid sig.\u00a0<\/p>\n<p>\u2013 Det \u00e4r mycket skam.<\/p>\n<p>\u201dHade blivit massa kritiska fr\u00e5gor\u201d<\/p>\n<p>Nu har han f\u00e5tt testa en ny form av gruppterapi i Huddinge f\u00f6r personer med narcissistiskt personlighetssyndrom. H\u00e4r f\u00e5r patienter \u00f6va p\u00e5 att analysera egna och andras tankar, behov och k\u00e4nslor. De f\u00e5r ocks\u00e5 l\u00e4ra sig att f\u00f6rst\u00e5 andra m\u00e4nniskor \u2013 och hur man sj\u00e4lv kan uppfattas.<\/p>\n<p>\u2013 Jag \u00f6nskar att jag kunde sitta h\u00e4r helt \u00f6ppet, ber\u00e4tta att jag \u00e4r med i den h\u00e4r dokument\u00e4ren, men det funkar inte. Det hade blivit massa kritiska fr\u00e5gor p\u00e5 min arbetsplats, i mitt f\u00f6rh\u00e5llande, bland mina v\u00e4nner.<\/p>\n<p>F\u00f6rsta avsnittet av dokument\u00e4ren \u201dI huvudet p\u00e5 en narcissist\u201d visas den 13 januari klockan 22 p\u00e5 SVT1. Den kan \u00e4ven ses p\u00e5 SVT Play.<\/p>\n<p>M\u00e5r du d\u00e5ligt? Hit kan du v\u00e4nda dig<\/p>\n<p>\u00c4r du n\u00e4rst\u00e5ende till n\u00e5gon som m\u00e5r d\u00e5ligt: Bevara lugnet, prata och v\u00e5ga lyssna. Uttryck din oro, st\u00e4ll fr\u00e5gor.\u00a0<\/p>\n<p>\u2022 Ring alltid 112 om l\u00e4get \u00e4r akut.<\/p>\n<p>\u2022 Bris vuxentelefon: 077-150 50 50.<\/p>\n<p>\u2022 Bris \u2013 Barnens hj\u00e4lptelefon Tel: 116 111.<\/p>\n<p>www.bris.se<\/p>\n<p>\u2022 Sj\u00e4lvmordslinjen: 90 101, chatt.mind.se.<\/p>\n<p>\u2022 Jourhavande pr\u00e4st: N\u00e5s via 112.<\/p>\n<p>\u2022 F\u00f6r\u00e4ldratelefon: 020-85 20 00.<\/p>\n<p>\u2022 Jourhavande kompis: 020-22 24 44.<\/p>\n<p>\u2022 Spes (Riksf\u00f6rbundet f\u00f6r suicidprevention och efterlevandes st\u00f6d): spes.nu.<\/p>\n<p>\u2022 Telefonjouren: 020-18 18 00.<\/p>\n<p>\u2022 Jourhavande medm\u00e4nniska: 08 \u2013 702 16 80<\/p>\n<p>\u2022\u00a0V\u00e5rdguiden 1177<\/p>\n<p>\u2022 Kvinnofridsjouren 116 16<\/p>\n<p>\u00a0<\/p>\n<p><strong>K\u00e4llor:<\/strong> mind.se och www.spesistockholm.se<\/p>\n<p>Visa mer<\/p>\n","protected":false},"excerpt":{"rendered":"Publicerad 12 jan 2026 kl 17.07Uppdaterad 13 jan kl 07.43 Det \u00e4r en av de mest missf\u00f6rst\u00e5dda, psykiatriska&hellip;\n","protected":false},"author":2,"featured_media":134193,"comment_status":"","ping_status":"","sticky":false,"template":"","format":"standard","meta":{"footnotes":""},"categories":[67],"tags":[104,2051,724,4548,34,31,33,586,32,30,105],"class_list":{"0":"post-134192","1":"post","2":"type-post","3":"status-publish","4":"format-standard","5":"has-post-thumbnail","7":"category-underhallning","8":"tag-entertainment","9":"tag-huddinge","10":"tag-lunds-universitet","11":"tag-psykologi","12":"tag-se","13":"tag-svenska","14":"tag-sverige","15":"tag-svt","16":"tag-sweden","17":"tag-swedish","18":"tag-underhallning"},"share_on_mastodon":{"url":"https:\/\/pubeurope.com\/@se\/115887447945367451","error":""},"_links":{"self":[{"href":"https:\/\/www.europesays.com\/se\/wp-json\/wp\/v2\/posts\/134192","targetHints":{"allow":["GET"]}}],"collection":[{"href":"https:\/\/www.europesays.com\/se\/wp-json\/wp\/v2\/posts"}],"about":[{"href":"https:\/\/www.europesays.com\/se\/wp-json\/wp\/v2\/types\/post"}],"author":[{"embeddable":true,"href":"https:\/\/www.europesays.com\/se\/wp-json\/wp\/v2\/users\/2"}],"replies":[{"embeddable":true,"href":"https:\/\/www.europesays.com\/se\/wp-json\/wp\/v2\/comments?post=134192"}],"version-history":[{"count":0,"href":"https:\/\/www.europesays.com\/se\/wp-json\/wp\/v2\/posts\/134192\/revisions"}],"wp:featuredmedia":[{"embeddable":true,"href":"https:\/\/www.europesays.com\/se\/wp-json\/wp\/v2\/media\/134193"}],"wp:attachment":[{"href":"https:\/\/www.europesays.com\/se\/wp-json\/wp\/v2\/media?parent=134192"}],"wp:term":[{"taxonomy":"category","embeddable":true,"href":"https:\/\/www.europesays.com\/se\/wp-json\/wp\/v2\/categories?post=134192"},{"taxonomy":"post_tag","embeddable":true,"href":"https:\/\/www.europesays.com\/se\/wp-json\/wp\/v2\/tags?post=134192"}],"curies":[{"name":"wp","href":"https:\/\/api.w.org\/{rel}","templated":true}]}}