{"id":134197,"date":"2026-01-13T11:04:16","date_gmt":"2026-01-13T11:04:16","guid":{"rendered":"https:\/\/www.europesays.com\/se\/134197\/"},"modified":"2026-01-13T11:04:16","modified_gmt":"2026-01-13T11:04:16","slug":"norrkopings-stadsarkiv-far-ny-plats-vid-gamla-brandstationen","status":"publish","type":"post","link":"https:\/\/www.europesays.com\/se\/134197\/","title":{"rendered":"Norrk\u00f6pings stadsarkiv f\u00e5r ny plats vid gamla brandstationen"},"content":{"rendered":"<p class=\"normal\">F\u00f6r kommunens inv\u00e5nare inneb\u00e4r flytten att stadsarkivet f\u00e5r moderna lokaler som \u00e4r b\u00e4ttre anpassade f\u00f6r bevarande av arkiv \u00e4n de tidigare lokalerna i r\u00e5dhuset. De \u00e4r ocks\u00e5 mer tillg\u00e4ngliga f\u00f6r bes\u00f6kare och andra delar av den kommunala f\u00f6rvaltningen som vill ta del av handlingar.<\/p>\n<p class=\"normal\">Det nuvarande garaget p\u00e5 platsen planeras att rivas f\u00f6r att ge plats \u00e5t den nya byggnaden. \u00d6vriga byggnader p\u00e5 den gamla brandstationen p\u00e5verkas inte av beslutet.<\/p>\n<p class=\"normal\">Med de avsatta investeringsmedlen p\u00e5 112 miljoner kronor kan byggstart ske 2027, med m\u00f6jlig inflyttning 2028.<\/p>\n","protected":false},"excerpt":{"rendered":"F\u00f6r kommunens inv\u00e5nare inneb\u00e4r flytten att stadsarkivet f\u00e5r moderna lokaler som \u00e4r b\u00e4ttre anpassade f\u00f6r bevarande av arkiv&hellip;\n","protected":false},"author":2,"featured_media":2690,"comment_status":"","ping_status":"","sticky":false,"template":"","format":"standard","meta":{"footnotes":""},"categories":[12],"tags":[22,23,26,27,17,21,24,25,28,29,15,16,18,34,31,33,32,30,19,20],"class_list":{"0":"post-134197","1":"post","2":"type-post","3":"status-publish","4":"format-standard","5":"has-post-thumbnail","7":"category-sverige","8":"tag-breaking-news","9":"tag-breakingnews","10":"tag-featured-news","11":"tag-featurednews","12":"tag-headlines","13":"tag-huvudnyheter","14":"tag-latest-news","15":"tag-latestnews","16":"tag-main-news","17":"tag-mainnews","18":"tag-news","19":"tag-nyheter","20":"tag-rubriker","21":"tag-se","22":"tag-svenska","23":"tag-sverige","24":"tag-sweden","25":"tag-swedish","26":"tag-top-stories","27":"tag-topstories"},"share_on_mastodon":{"url":"https:\/\/pubeurope.com\/@se\/115887463703708952","error":""},"_links":{"self":[{"href":"https:\/\/www.europesays.com\/se\/wp-json\/wp\/v2\/posts\/134197","targetHints":{"allow":["GET"]}}],"collection":[{"href":"https:\/\/www.europesays.com\/se\/wp-json\/wp\/v2\/posts"}],"about":[{"href":"https:\/\/www.europesays.com\/se\/wp-json\/wp\/v2\/types\/post"}],"author":[{"embeddable":true,"href":"https:\/\/www.europesays.com\/se\/wp-json\/wp\/v2\/users\/2"}],"replies":[{"embeddable":true,"href":"https:\/\/www.europesays.com\/se\/wp-json\/wp\/v2\/comments?post=134197"}],"version-history":[{"count":0,"href":"https:\/\/www.europesays.com\/se\/wp-json\/wp\/v2\/posts\/134197\/revisions"}],"wp:featuredmedia":[{"embeddable":true,"href":"https:\/\/www.europesays.com\/se\/wp-json\/wp\/v2\/media\/2690"}],"wp:attachment":[{"href":"https:\/\/www.europesays.com\/se\/wp-json\/wp\/v2\/media?parent=134197"}],"wp:term":[{"taxonomy":"category","embeddable":true,"href":"https:\/\/www.europesays.com\/se\/wp-json\/wp\/v2\/categories?post=134197"},{"taxonomy":"post_tag","embeddable":true,"href":"https:\/\/www.europesays.com\/se\/wp-json\/wp\/v2\/tags?post=134197"}],"curies":[{"name":"wp","href":"https:\/\/api.w.org\/{rel}","templated":true}]}}