{"id":134198,"date":"2026-01-13T11:05:07","date_gmt":"2026-01-13T11:05:07","guid":{"rendered":"https:\/\/www.europesays.com\/se\/134198\/"},"modified":"2026-01-13T11:05:07","modified_gmt":"2026-01-13T11:05:07","slug":"skolinspektionen-ska-granska-tillgang-till-skolbibliotek","status":"publish","type":"post","link":"https:\/\/www.europesays.com\/se\/134198\/","title":{"rendered":"Skolinspektionen ska granska tillg\u00e5ng till skolbibliotek"},"content":{"rendered":"<p style=\"font-weight: 400;\">Enligt Kungliga bibliotekets <a href=\"https:\/\/magasink.se\/2025\/09\/var-fjarde-skolbibliotek-obemannat\/\" rel=\"nofollow noopener\" target=\"_blank\">senaste statistik<\/a> har 93 procent av Sveriges skolelever tillg\u00e5ng till ett skolbibliotek. Vart fj\u00e4rde skolbibliotek \u00e4r dock obemannat, trots det nya lagkravet p\u00e5 bemanning. Nu f\u00e5r Skolinspektionen i uppdrag av regeringen att granska hur skolorna efterlever kravet p\u00e5 att tillhandah\u00e5lla ett bemannat skolbibliotek.<\/p>\n<p style=\"font-weight: 400;\">I lag\u00e4ndringen anges det inte huruvida skolor beh\u00f6ver anst\u00e4lla en bibliotekarie p\u00e5 heltid eller om tj\u00e4nsten kan vara p\u00e5 en l\u00e4gre procent. I lagen preciseras det inte mer \u00e4n att skolbiblioteken ska vara bemannade \u201di s\u00e5dan utstr\u00e4ckning att \u00e4ndam\u00e5len med skolbibliotek uppn\u00e5s\u201d.<\/p>\n<p style=\"font-weight: 400;\">Magasin K har <a href=\"https:\/\/magasink.se\/2025\/04\/stora-skillnader-nar-skolorna-letar-skolbibliotekarier\/\" rel=\"nofollow noopener\" target=\"_blank\">tidigare visat att det \u00e4r stora skillnader<\/a> i tj\u00e4nstg\u00f6ringsgrader n\u00e4r skolorna rekryterar skolbibliotekarier. \u00c4ven antalet elever som en bibliotekarie ska ansvara f\u00f6r varierar stort b\u00e5de p\u00e5 heltids- och deltidstj\u00e4nster.<\/p>\n<p style=\"font-weight: 400;\">Skolinspektionen ska delredovisa sina slutsatser av granskningen till Utbildningsdepartementet senast den 9 december 2026<\/p>\n","protected":false},"excerpt":{"rendered":"Enligt Kungliga bibliotekets senaste statistik har 93 procent av Sveriges skolelever tillg\u00e5ng till ett skolbibliotek. Vart fj\u00e4rde skolbibliotek&hellip;\n","protected":false},"author":2,"featured_media":134199,"comment_status":"","ping_status":"","sticky":false,"template":"","format":"standard","meta":{"footnotes":""},"categories":[5],"tags":[1933,22,23,26,27,17,21,24,25,28,29,15,16,18,34,13608,31,33,32,30,19,20],"class_list":{"0":"post-134198","1":"post","2":"type-post","3":"status-publish","4":"format-standard","5":"has-post-thumbnail","7":"category-rubriker","8":"tag-bibliotek","9":"tag-breaking-news","10":"tag-breakingnews","11":"tag-featured-news","12":"tag-featurednews","13":"tag-headlines","14":"tag-huvudnyheter","15":"tag-latest-news","16":"tag-latestnews","17":"tag-main-news","18":"tag-mainnews","19":"tag-news","20":"tag-nyheter","21":"tag-rubriker","22":"tag-se","23":"tag-skolbibliotek","24":"tag-svenska","25":"tag-sverige","26":"tag-sweden","27":"tag-swedish","28":"tag-top-stories","29":"tag-topstories"},"share_on_mastodon":{"url":"https:\/\/pubeurope.com\/@se\/115887467545988565","error":""},"_links":{"self":[{"href":"https:\/\/www.europesays.com\/se\/wp-json\/wp\/v2\/posts\/134198","targetHints":{"allow":["GET"]}}],"collection":[{"href":"https:\/\/www.europesays.com\/se\/wp-json\/wp\/v2\/posts"}],"about":[{"href":"https:\/\/www.europesays.com\/se\/wp-json\/wp\/v2\/types\/post"}],"author":[{"embeddable":true,"href":"https:\/\/www.europesays.com\/se\/wp-json\/wp\/v2\/users\/2"}],"replies":[{"embeddable":true,"href":"https:\/\/www.europesays.com\/se\/wp-json\/wp\/v2\/comments?post=134198"}],"version-history":[{"count":0,"href":"https:\/\/www.europesays.com\/se\/wp-json\/wp\/v2\/posts\/134198\/revisions"}],"wp:featuredmedia":[{"embeddable":true,"href":"https:\/\/www.europesays.com\/se\/wp-json\/wp\/v2\/media\/134199"}],"wp:attachment":[{"href":"https:\/\/www.europesays.com\/se\/wp-json\/wp\/v2\/media?parent=134198"}],"wp:term":[{"taxonomy":"category","embeddable":true,"href":"https:\/\/www.europesays.com\/se\/wp-json\/wp\/v2\/categories?post=134198"},{"taxonomy":"post_tag","embeddable":true,"href":"https:\/\/www.europesays.com\/se\/wp-json\/wp\/v2\/tags?post=134198"}],"curies":[{"name":"wp","href":"https:\/\/api.w.org\/{rel}","templated":true}]}}