{"id":134206,"date":"2026-01-13T11:12:07","date_gmt":"2026-01-13T11:12:07","guid":{"rendered":"https:\/\/www.europesays.com\/se\/134206\/"},"modified":"2026-01-13T11:12:07","modified_gmt":"2026-01-13T11:12:07","slug":"danmark-och-gronland-ska-mota-usas-jd-vance-och-marco-rubio-i-vita-huset","status":"publish","type":"post","link":"https:\/\/www.europesays.com\/se\/134206\/","title":{"rendered":"Danmark och Gr\u00f6nland ska m\u00f6ta USA:s JD Vance och Marco Rubio i Vita huset"},"content":{"rendered":"<p>M\u00f6tet kommer efter upprepade hot fr\u00e5n USA:s president Donald Trump om att ta Gr\u00f6nland.<\/p>\n<p>Beskedet fr\u00e5n Lars L\u00f8kke Rasmussen kom vid en presstr\u00e4ff tillsammans med f\u00f6rsvarsminister Troels Lund Poulsen efter ett m\u00f6te i utrikesutskottet p\u00e5 tisdagen. Enligt DR svarade ministrarna inte p\u00e5 n\u00e5gra fr\u00e5gor om det kommande m\u00f6tet med Vance och Rubio, och L\u00f8kke avslutade enligt DR presstr\u00e4ffen med att s\u00e4ga att han hade ett flyg att passa.<\/p>\n<p>Ska \u00e4ven tr\u00e4ffa Nato-chefen Mark Rutte<\/p>\n<p>Under presstr\u00e4ffen sade Troels Lund Poulsen ocks\u00e5 att han p\u00e5 m\u00e5ndag kommer att ha ett m\u00f6te med Natos generalsekreterare Mark Rutte. \u00c4ven d\u00e4r kommer Gr\u00f6nlands utrikesminister att delta.<\/p>\n<p>\u2013 Jag tar denna fr\u00e5ga p\u00e5 st\u00f6rsta allvar, s\u00e4ger Troels Lund Poulsen enligt <a href=\"https:\/\/nyheder.tv2.dk\/live\/2025-01-06-kampen-om-groenlands-fremtid\/troels-lund-poulsen-moedes-med-natos-generalsekretaer?entry=d41007d2-0060-40d8-8b50-5df792711fcd\" rel=\"nofollow noopener\" target=\"_blank\">danska TV2.<\/a><\/p>\n","protected":false},"excerpt":{"rendered":"M\u00f6tet kommer efter upprepade hot fr\u00e5n USA:s president Donald Trump om att ta Gr\u00f6nland. Beskedet fr\u00e5n Lars L\u00f8kke&hellip;\n","protected":false},"author":2,"featured_media":793,"comment_status":"","ping_status":"","sticky":false,"template":"","format":"standard","meta":{"footnotes":""},"categories":[14],"tags":[22,23,26,27,17,21,24,25,28,29,15,16,18,34,31,33,32,30,19,20,51,52,53,54],"class_list":{"0":"post-134206","1":"post","2":"type-post","3":"status-publish","4":"format-standard","5":"has-post-thumbnail","7":"category-varlden","8":"tag-breaking-news","9":"tag-breakingnews","10":"tag-featured-news","11":"tag-featurednews","12":"tag-headlines","13":"tag-huvudnyheter","14":"tag-latest-news","15":"tag-latestnews","16":"tag-main-news","17":"tag-mainnews","18":"tag-news","19":"tag-nyheter","20":"tag-rubriker","21":"tag-se","22":"tag-svenska","23":"tag-sverige","24":"tag-sweden","25":"tag-swedish","26":"tag-top-stories","27":"tag-topstories","28":"tag-varlden","29":"tag-world","30":"tag-world-news","31":"tag-worldnews"},"share_on_mastodon":{"url":"https:\/\/pubeurope.com\/@se\/115887495142336686","error":""},"_links":{"self":[{"href":"https:\/\/www.europesays.com\/se\/wp-json\/wp\/v2\/posts\/134206","targetHints":{"allow":["GET"]}}],"collection":[{"href":"https:\/\/www.europesays.com\/se\/wp-json\/wp\/v2\/posts"}],"about":[{"href":"https:\/\/www.europesays.com\/se\/wp-json\/wp\/v2\/types\/post"}],"author":[{"embeddable":true,"href":"https:\/\/www.europesays.com\/se\/wp-json\/wp\/v2\/users\/2"}],"replies":[{"embeddable":true,"href":"https:\/\/www.europesays.com\/se\/wp-json\/wp\/v2\/comments?post=134206"}],"version-history":[{"count":0,"href":"https:\/\/www.europesays.com\/se\/wp-json\/wp\/v2\/posts\/134206\/revisions"}],"wp:featuredmedia":[{"embeddable":true,"href":"https:\/\/www.europesays.com\/se\/wp-json\/wp\/v2\/media\/793"}],"wp:attachment":[{"href":"https:\/\/www.europesays.com\/se\/wp-json\/wp\/v2\/media?parent=134206"}],"wp:term":[{"taxonomy":"category","embeddable":true,"href":"https:\/\/www.europesays.com\/se\/wp-json\/wp\/v2\/categories?post=134206"},{"taxonomy":"post_tag","embeddable":true,"href":"https:\/\/www.europesays.com\/se\/wp-json\/wp\/v2\/tags?post=134206"}],"curies":[{"name":"wp","href":"https:\/\/api.w.org\/{rel}","templated":true}]}}