{"id":134208,"date":"2026-01-13T11:14:07","date_gmt":"2026-01-13T11:14:07","guid":{"rendered":"https:\/\/www.europesays.com\/se\/134208\/"},"modified":"2026-01-13T11:14:07","modified_gmt":"2026-01-13T11:14:07","slug":"fortsatta-forsorjningslosningar-och-utbildningsinsatser-till-forman-for-ukraina","status":"publish","type":"post","link":"https:\/\/www.europesays.com\/se\/134208\/","title":{"rendered":"Fortsatta f\u00f6rs\u00f6rjningsl\u00f6sningar och utbildningsinsatser till f\u00f6rm\u00e5n f\u00f6r Ukraina"},"content":{"rendered":"<p>&#13;<br \/>\nDet milit\u00e4ra st\u00f6det till Ukraina h\u00f6r till regeringens h\u00f6gsta prioriteringar f\u00f6r regeringen. Utbildningsverksamhet utg\u00f6r del av det st\u00f6d som Sverige l\u00e4mnar och m\u00f6jligg\u00f6r f\u00f6r Ukraina att uppr\u00e4tth\u00e5lla och st\u00e4rka sin f\u00f6rsvarsf\u00f6rm\u00e5ga. Regeringen har d\u00e4rf\u00f6r gett F\u00f6rsvarsmakten i uppdrag dels att genomf\u00f6ra en f\u00f6rs\u00f6rjningsl\u00f6sning f\u00f6r materiel donerad till Ukraina, dels att genomf\u00f6ra utbildningsverksamhet f\u00f6r utvecklingen av Ukrainas f\u00f6rsvarsf\u00f6rm\u00e5ga.<\/p>\n<p>Uppdrag om att genomf\u00f6ra en f\u00f6rs\u00f6rjningsl\u00f6sning f\u00f6r materiel donerad till Ukraina<\/p>\n<p>Viss materiel som Sverige donerat \u00e4r i behov av reparation och med detta uppdrag f\u00e5r F\u00f6rsvarsmakten f\u00f6ra in ukrainsk materiel som \u00f6verl\u00e5tits av Sverige f\u00f6r reparation. F\u00f6rsvarsmakten f\u00e5r ocks\u00e5 genomf\u00f6ra mekaniker- och operat\u00f6rsutbildning av ukrainsk personal i Sverige eller i EU- eller Natol\u00e4nder. Sverige har sedan 2022 levererat ett stort antal olika kvalificerade vapen- och sensorsystem till st\u00f6d f\u00f6r Ukraina. Dessa system och materiel kr\u00e4ver en l\u00e5ngsiktig och anpassningsbar f\u00f6rs\u00f6rjningsl\u00f6sning som inneh\u00e5ller bland annat tekniskt systemst\u00f6d, reservdelar och utbytesenheter samt ammunition.<\/p>\n<p>Uppdrag om genomf\u00f6rande av utbildningsverksamhet under 2026 till f\u00f6rm\u00e5n f\u00f6r Ukraina<\/p>\n<p>F\u00f6rsvarsmakten f\u00e5r ocks\u00e5 i uppdrag att under 2026 genomf\u00f6ra och delta i utbildningsverksamhet f\u00f6r att utveckla Ukrainas f\u00f6rsvarsf\u00f6rm\u00e5ga. Uppdraget omfattar milit\u00e4r grund- och befattningsutbildning, utbildning kopplad till f\u00f6rsvarsmateriel som Sverige har sk\u00e4nkt till Ukraina, samt annan utbildning f\u00f6r ukrainska elever, utifr\u00e5n Ukrainas behov. Utbildningsverksamheten g\u00f6r det m\u00f6jligt f\u00f6r Ukraina att uppr\u00e4tth\u00e5lla och st\u00e4rka sin f\u00f6rsvarsf\u00f6rm\u00e5ga och utg\u00f6r del av det st\u00f6d som Sverige l\u00e4mnar. Under 2026 finns behov av fortsatt utbildningsverksamhet till st\u00f6d f\u00f6r Ukraina, bland annat inom ramen f\u00f6r de f\u00f6rm\u00e5gekoalitioner som etableras inom ramen f\u00f6r multilaterala samarbeten.<\/p>\n<p>Uppdragen inneb\u00e4r att F\u00f6rsvarsmakten f\u00e5r f\u00f6rhandla och ing\u00e5 n\u00f6dv\u00e4ndiga avtal med beh\u00f6riga myndigheter i ber\u00f6rda l\u00e4nder och organisationer inom EU och Nato. Kostnader f\u00f6r uppdragen tas inom befintlig ekonomisk ram f\u00f6r det milit\u00e4ra st\u00f6det till Ukraina.<\/p>\n","protected":false},"excerpt":{"rendered":"&#13; Det milit\u00e4ra st\u00f6det till Ukraina h\u00f6r till regeringens h\u00f6gsta prioriteringar f\u00f6r regeringen. Utbildningsverksamhet utg\u00f6r del av det&hellip;\n","protected":false},"author":2,"featured_media":134209,"comment_status":"","ping_status":"","sticky":false,"template":"","format":"standard","meta":{"footnotes":""},"categories":[5],"tags":[22,23,26,27,17,21,24,25,28,29,15,16,18,34,31,33,32,30,19,20],"class_list":{"0":"post-134208","1":"post","2":"type-post","3":"status-publish","4":"format-standard","5":"has-post-thumbnail","7":"category-rubriker","8":"tag-breaking-news","9":"tag-breakingnews","10":"tag-featured-news","11":"tag-featurednews","12":"tag-headlines","13":"tag-huvudnyheter","14":"tag-latest-news","15":"tag-latestnews","16":"tag-main-news","17":"tag-mainnews","18":"tag-news","19":"tag-nyheter","20":"tag-rubriker","21":"tag-se","22":"tag-svenska","23":"tag-sverige","24":"tag-sweden","25":"tag-swedish","26":"tag-top-stories","27":"tag-topstories"},"share_on_mastodon":{"url":"https:\/\/pubeurope.com\/@se\/115887503052424312","error":""},"_links":{"self":[{"href":"https:\/\/www.europesays.com\/se\/wp-json\/wp\/v2\/posts\/134208","targetHints":{"allow":["GET"]}}],"collection":[{"href":"https:\/\/www.europesays.com\/se\/wp-json\/wp\/v2\/posts"}],"about":[{"href":"https:\/\/www.europesays.com\/se\/wp-json\/wp\/v2\/types\/post"}],"author":[{"embeddable":true,"href":"https:\/\/www.europesays.com\/se\/wp-json\/wp\/v2\/users\/2"}],"replies":[{"embeddable":true,"href":"https:\/\/www.europesays.com\/se\/wp-json\/wp\/v2\/comments?post=134208"}],"version-history":[{"count":0,"href":"https:\/\/www.europesays.com\/se\/wp-json\/wp\/v2\/posts\/134208\/revisions"}],"wp:featuredmedia":[{"embeddable":true,"href":"https:\/\/www.europesays.com\/se\/wp-json\/wp\/v2\/media\/134209"}],"wp:attachment":[{"href":"https:\/\/www.europesays.com\/se\/wp-json\/wp\/v2\/media?parent=134208"}],"wp:term":[{"taxonomy":"category","embeddable":true,"href":"https:\/\/www.europesays.com\/se\/wp-json\/wp\/v2\/categories?post=134208"},{"taxonomy":"post_tag","embeddable":true,"href":"https:\/\/www.europesays.com\/se\/wp-json\/wp\/v2\/tags?post=134208"}],"curies":[{"name":"wp","href":"https:\/\/api.w.org\/{rel}","templated":true}]}}