{"id":134216,"date":"2026-01-13T11:20:18","date_gmt":"2026-01-13T11:20:18","guid":{"rendered":"https:\/\/www.europesays.com\/se\/134216\/"},"modified":"2026-01-13T11:20:18","modified_gmt":"2026-01-13T11:20:18","slug":"nya-attacker-mot-kiev-flera-explosioner-2","status":"publish","type":"post","link":"https:\/\/www.europesays.com\/se\/134216\/","title":{"rendered":"Nya attacker mot Kiev \u2013 flera explosioner"},"content":{"rendered":"<p>Ryssland har under natten skickat en v\u00e5g av dr\u00f6nare mot Kiev. Flera explosioner ska ha h\u00f6rts omkring klockan 01.30, lokal tid.<\/p>\n<p>Minst en byggnad har tr\u00e4ffats och b\u00f6rjat brinna, rapporterar tidningen The Kyiv Independent.<\/p>\n<p>\u00c4ven storstaden Odessa vid Svarta havet har rammats av nattliga ryska attacker. Till f\u00f6ljd \u00e4r \u00f6ver 30\u00a0000 familjer utan str\u00f6m, uppger det privata energibolaget DTEK enligt nyhetsbyr\u00e5n NTB.<\/p>\n<p>Tusentals Kievbor \u00e4r redan str\u00f6ml\u00f6sa efter fredagens omfattande ryska angrepp, d\u00e5 Ryssland anf\u00f6ll med bland annat en hypersonisk robot. H\u00e4lften av stadens l\u00e4genhetshus uppges ha drabbats av str\u00f6mavbrott i och med attackerna, i vilka minst fyra personer d\u00f6dades.<\/p>\n<p>Samtidigt sjunker temperaturerna i staden och n\u00e4rmar sig nu 20 minusgrader, rapporterar nyhetsbyr\u00e5n EFE.<\/p>\n","protected":false},"excerpt":{"rendered":"Ryssland har under natten skickat en v\u00e5g av dr\u00f6nare mot Kiev. Flera explosioner ska ha h\u00f6rts omkring klockan&hellip;\n","protected":false},"author":2,"featured_media":2360,"comment_status":"","ping_status":"","sticky":false,"template":"","format":"standard","meta":{"footnotes":""},"categories":[14],"tags":[22,23,26,27,17,21,24,25,28,29,15,16,18,34,31,33,32,30,19,20,51,52,53,54],"class_list":{"0":"post-134216","1":"post","2":"type-post","3":"status-publish","4":"format-standard","5":"has-post-thumbnail","7":"category-varlden","8":"tag-breaking-news","9":"tag-breakingnews","10":"tag-featured-news","11":"tag-featurednews","12":"tag-headlines","13":"tag-huvudnyheter","14":"tag-latest-news","15":"tag-latestnews","16":"tag-main-news","17":"tag-mainnews","18":"tag-news","19":"tag-nyheter","20":"tag-rubriker","21":"tag-se","22":"tag-svenska","23":"tag-sverige","24":"tag-sweden","25":"tag-swedish","26":"tag-top-stories","27":"tag-topstories","28":"tag-varlden","29":"tag-world","30":"tag-world-news","31":"tag-worldnews"},"share_on_mastodon":{"url":"https:\/\/pubeurope.com\/@se\/115887526648280077","error":""},"_links":{"self":[{"href":"https:\/\/www.europesays.com\/se\/wp-json\/wp\/v2\/posts\/134216","targetHints":{"allow":["GET"]}}],"collection":[{"href":"https:\/\/www.europesays.com\/se\/wp-json\/wp\/v2\/posts"}],"about":[{"href":"https:\/\/www.europesays.com\/se\/wp-json\/wp\/v2\/types\/post"}],"author":[{"embeddable":true,"href":"https:\/\/www.europesays.com\/se\/wp-json\/wp\/v2\/users\/2"}],"replies":[{"embeddable":true,"href":"https:\/\/www.europesays.com\/se\/wp-json\/wp\/v2\/comments?post=134216"}],"version-history":[{"count":0,"href":"https:\/\/www.europesays.com\/se\/wp-json\/wp\/v2\/posts\/134216\/revisions"}],"wp:featuredmedia":[{"embeddable":true,"href":"https:\/\/www.europesays.com\/se\/wp-json\/wp\/v2\/media\/2360"}],"wp:attachment":[{"href":"https:\/\/www.europesays.com\/se\/wp-json\/wp\/v2\/media?parent=134216"}],"wp:term":[{"taxonomy":"category","embeddable":true,"href":"https:\/\/www.europesays.com\/se\/wp-json\/wp\/v2\/categories?post=134216"},{"taxonomy":"post_tag","embeddable":true,"href":"https:\/\/www.europesays.com\/se\/wp-json\/wp\/v2\/tags?post=134216"}],"curies":[{"name":"wp","href":"https:\/\/api.w.org\/{rel}","templated":true}]}}