{"id":134219,"date":"2026-01-13T11:22:16","date_gmt":"2026-01-13T11:22:16","guid":{"rendered":"https:\/\/www.europesays.com\/se\/134219\/"},"modified":"2026-01-13T11:22:16","modified_gmt":"2026-01-13T11:22:16","slug":"nya-lagen-gig-jobbare-slipper-fa-sparken-av-en-algoritm-arbetet","status":"publish","type":"post","link":"https:\/\/www.europesays.com\/se\/134219\/","title":{"rendered":"Nya lagen \u2013 gig-jobbare slipper f\u00e5 sparken av en algoritm \u2013 Arbetet"},"content":{"rendered":"<p>Utredningen om att inf\u00f6ra EU:s plattformsdirektiv i Sverige f\u00f6resl\u00e5r en ny lag som ska b\u00f6rja g\u00e4lla i slutet av 2026. I flera fall kan den f\u00f6rb\u00e4ttra arbetsvillkoren f\u00f6r tiotusentals matbud och chauff\u00f6rer, tror justitier\u00e5det Jonas Malmberg, som lett utredningen.<\/p>\n<p>Arbetsledning via en automatisk algoritm f\u00e5r enligt den nya lagen inte g\u00e5 f\u00f6r l\u00e5ngt. Gig-jobbare har r\u00e4tt att f\u00e5 veta hur algoritmen fungerar, och k\u00e4nsliga beslut som avst\u00e4ngning fr\u00e5n appen ska alltid fattas av en m\u00e4nniska.<\/p>\n<p>Plattformsf\u00f6retag ska erbjuda gigjobbarna en privat och s\u00e4ker digital kommunikationskanal d\u00e4r de kan h\u00e5lla kontakt med varandra.<\/p>\n<p>Insikt utan motstycke<\/p>\n<p>Arbetarna, facket och Arbetsmilj\u00f6verket har r\u00e4tt till information i flera fall. H\u00e4r finns enligt Jonas Malmberg m\u00f6jligheter f\u00f6r facket att flytta fram sina positioner. Han framh\u00e5ller att appens logg \u00f6ver arbetsprestationer och ers\u00e4ttning \u00e4r personuppgifter som den anst\u00e4llde kan beg\u00e4ra ut och dela med sin fackf\u00f6rening.\u00a0<\/p>\n<p>\u2013 Det ger insikt om vilka beslut som fattas p\u00e5 ett s\u00e4tt som saknar motstycke, s\u00e4ger Jonas Malmberg.<\/p>\n<p>Om ett plattformsf\u00f6retag bryter mot lagens best\u00e4mmelser kan anst\u00e4llda och fack g\u00e5 till domstol, oftast med Arbetsdomstolen som sista instans.<\/p>\n<p>Integritetsskyddsmyndigheten IMY ska ha tillsyn \u00f6ver allt som har med personuppgifter och dataskydd. \u00c4ven Arbetsmilj\u00f6verket finns med p\u00e5 ett h\u00f6rn i tillsynen.<\/p>\n<p>Gigjobbare anses anst\u00e4lld<\/p>\n<p>Lagen s\u00e4ger att den som jobbar f\u00f6r en app i normalfallet ska anses vara anst\u00e4lld av f\u00f6retaget, om arbetet utf\u00f6rs under plattformens ledning och kontroll. Det inneb\u00e4r att plattformsf\u00f6retaget ska ta ansvar som arbetsgivare. Denna regel v\u00e4ntas dock f\u00e5 mindre effekt i Sverige \u00e4n i m\u00e5nga andra EU-l\u00e4nder, d\u00e4r falska egenanst\u00e4llningar \u00e4r vanligare \u00e4n hos oss.<\/p>\n<p>I Sverige finns i m\u00e5nga fall en mellanhand (\u201dintermedi\u00e4r\u201d) som formell arbetsgivare mellan gigjobbaren och plattformsf\u00f6retaget.<\/p>\n<p>\u201dInte realistiskt\u201d<\/p>\n<p>Pontus Bl\u00fcme, gigexpert och utredare p\u00e5 Transportfacket, v\u00e4lkomnar plattformslagens best\u00e4mmelser om \u00f6kad insyn. \u00c4nd\u00e5 tror han inte att den kommer att inneb\u00e4ra stora f\u00f6rb\u00e4ttringar f\u00f6r gigjobbare.\u00a0<\/p>\n<p>\u2013 Det spelar ingen roll hur mycket insyn man har n\u00e4r appf\u00f6retagen kan outsourca ansvaret till mellanh\u00e4nder. S\u00e5 l\u00e4nge de kommer undan med att inte vara arbetsgivare finns inga realistiska m\u00f6jligheter att f\u00e5 in de h\u00e4r f\u00f6retagen i den svenska kollektivavtalsmodellen, s\u00e4ger Pontus Bl\u00fcme.<\/p>\n<ul class=\"ContentItemList-items\">\n<p>\t\t\t\t\t<a href=\"https:\/\/arbetet.se\/2025\/06\/09\/slutgiltiga-domen-wolt-har-arbetsmiljoansvar-for-sina-bud-besvikna\/\" class=\"Teaser Teaser--listItem Teaser--horizontal Teaser--mediaLeft Teaser--standard Teaser--post\" data-action=\"event#click\" data-content-item-id=\"1423504\" data-content-item-type=\"post\" data-content-item-variant=\"standard\" data-event-name=\"teaser_click\" data-event-data=\"{&quot;includeContentItemData&quot;:true}\" data-content-item-category=\"Nyheter\" data-content-item-author=\"Anton Andersson\" rel=\"nofollow noopener\" target=\"_blank\"><\/p>\n<p>\t\t\t\tSlutgiltiga domen \u2013 Wolt har arbetsmilj\u00f6\u00adansvar\t<\/p>\n<p><\/a><\/p>\n<p>\t\t\t\t\t<a href=\"https:\/\/arbetet.se\/2025\/05\/22\/sankta-loner-pa-wolt-samtidigt-far-foodora-bud-hogre-lon\/\" class=\"Teaser Teaser--listItem Teaser--horizontal Teaser--mediaLeft Teaser--standard Teaser--post\" data-action=\"event#click\" data-content-item-id=\"1420873\" data-content-item-type=\"post\" data-content-item-variant=\"standard\" data-event-name=\"teaser_click\" data-event-data=\"{&quot;includeContentItemData&quot;:true}\" data-content-item-category=\"Nyheter\" data-content-item-author=\"Mattias Dahlgren\" rel=\"nofollow noopener\" target=\"_blank\"><\/p>\n<p>\t\t\t\tS\u00e4nkta l\u00f6ner p\u00e5 Wolt \u2013 samtidigt f\u00e5r Foodora-bud h\u00f6gre l\u00f6n\t<\/p>\n<p><\/a><\/p>\n<\/ul>\n","protected":false},"excerpt":{"rendered":"Utredningen om att inf\u00f6ra EU:s plattformsdirektiv i Sverige f\u00f6resl\u00e5r en ny lag som ska b\u00f6rja g\u00e4lla i slutet&hellip;\n","protected":false},"author":2,"featured_media":134220,"comment_status":"","ping_status":"","sticky":false,"template":"","format":"standard","meta":{"footnotes":""},"categories":[5],"tags":[22,23,26,27,17,21,24,25,28,29,15,16,18,34,31,33,32,30,19,20],"class_list":{"0":"post-134219","1":"post","2":"type-post","3":"status-publish","4":"format-standard","5":"has-post-thumbnail","7":"category-rubriker","8":"tag-breaking-news","9":"tag-breakingnews","10":"tag-featured-news","11":"tag-featurednews","12":"tag-headlines","13":"tag-huvudnyheter","14":"tag-latest-news","15":"tag-latestnews","16":"tag-main-news","17":"tag-mainnews","18":"tag-news","19":"tag-nyheter","20":"tag-rubriker","21":"tag-se","22":"tag-svenska","23":"tag-sverige","24":"tag-sweden","25":"tag-swedish","26":"tag-top-stories","27":"tag-topstories"},"share_on_mastodon":{"url":"https:\/\/pubeurope.com\/@se\/115887534434724264","error":""},"_links":{"self":[{"href":"https:\/\/www.europesays.com\/se\/wp-json\/wp\/v2\/posts\/134219","targetHints":{"allow":["GET"]}}],"collection":[{"href":"https:\/\/www.europesays.com\/se\/wp-json\/wp\/v2\/posts"}],"about":[{"href":"https:\/\/www.europesays.com\/se\/wp-json\/wp\/v2\/types\/post"}],"author":[{"embeddable":true,"href":"https:\/\/www.europesays.com\/se\/wp-json\/wp\/v2\/users\/2"}],"replies":[{"embeddable":true,"href":"https:\/\/www.europesays.com\/se\/wp-json\/wp\/v2\/comments?post=134219"}],"version-history":[{"count":0,"href":"https:\/\/www.europesays.com\/se\/wp-json\/wp\/v2\/posts\/134219\/revisions"}],"wp:featuredmedia":[{"embeddable":true,"href":"https:\/\/www.europesays.com\/se\/wp-json\/wp\/v2\/media\/134220"}],"wp:attachment":[{"href":"https:\/\/www.europesays.com\/se\/wp-json\/wp\/v2\/media?parent=134219"}],"wp:term":[{"taxonomy":"category","embeddable":true,"href":"https:\/\/www.europesays.com\/se\/wp-json\/wp\/v2\/categories?post=134219"},{"taxonomy":"post_tag","embeddable":true,"href":"https:\/\/www.europesays.com\/se\/wp-json\/wp\/v2\/tags?post=134219"}],"curies":[{"name":"wp","href":"https:\/\/api.w.org\/{rel}","templated":true}]}}