{"id":134226,"date":"2026-01-13T11:28:16","date_gmt":"2026-01-13T11:28:16","guid":{"rendered":"https:\/\/www.europesays.com\/se\/134226\/"},"modified":"2026-01-13T11:28:16","modified_gmt":"2026-01-13T11:28:16","slug":"8-sidor-stora-brander-i-australien","status":"publish","type":"post","link":"https:\/\/www.europesays.com\/se\/134226\/","title":{"rendered":"8 Sidor &#8211; Stora br\u00e4nder i Australien"},"content":{"rendered":"<p>Brand i skogen i omr\u00e5det Victoria i Australien. Foto: Kylie Shingles\/CFA Wandong Fire Brigade\/AFP\/TT<\/p>\n<p>Det brinner<br \/>p\u00e5 m\u00e5nga platser<br \/>i s\u00f6dra Australien.<\/p>\n<p>Det \u00e4r mycket sv\u00e5rt<br \/>att f\u00e5 stopp p\u00e5 br\u00e4nderna.<\/p>\n<p>Det s\u00e4ger brandm\u00e4nnen<br \/>som jobbar med att sl\u00e4cka.<\/p>\n<p>Flera stora omr\u00e5den med skog<br \/>har b\u00f6rjat brinna.<br \/>Hus har blivit f\u00f6rst\u00f6rda.<br \/>90 tusen hem och f\u00f6retag<br \/>har varit utan el.<\/p>\n<p>I omr\u00e5det Victoria<br \/>har branden spridit sig<br \/>v\u00e4ldigt mycket i skogen.<br \/>Myndigheterna s\u00e4ger<br \/>att det \u00e4r kris.<\/p>\n<p>Det \u00e4r sommar<br \/>i Australien nu.<br \/>P\u00e5 en del platser<br \/>har det varit \u00f6ver 40 grader.<br \/>Det \u00e4r f\u00f6rbjudet att elda.<\/p>\n<p>8 SIDOR\/TT<\/p>\n","protected":false},"excerpt":{"rendered":"Brand i skogen i omr\u00e5det Victoria i Australien. Foto: Kylie Shingles\/CFA Wandong Fire Brigade\/AFP\/TT Det brinnerp\u00e5 m\u00e5nga platseri&hellip;\n","protected":false},"author":2,"featured_media":134227,"comment_status":"","ping_status":"","sticky":false,"template":"","format":"standard","meta":{"footnotes":""},"categories":[14],"tags":[22,23,26,27,17,21,24,25,28,29,15,16,18,34,31,33,32,30,19,20,51,52,53,54],"class_list":{"0":"post-134226","1":"post","2":"type-post","3":"status-publish","4":"format-standard","5":"has-post-thumbnail","7":"category-varlden","8":"tag-breaking-news","9":"tag-breakingnews","10":"tag-featured-news","11":"tag-featurednews","12":"tag-headlines","13":"tag-huvudnyheter","14":"tag-latest-news","15":"tag-latestnews","16":"tag-main-news","17":"tag-mainnews","18":"tag-news","19":"tag-nyheter","20":"tag-rubriker","21":"tag-se","22":"tag-svenska","23":"tag-sverige","24":"tag-sweden","25":"tag-swedish","26":"tag-top-stories","27":"tag-topstories","28":"tag-varlden","29":"tag-world","30":"tag-world-news","31":"tag-worldnews"},"share_on_mastodon":{"url":"https:\/\/pubeurope.com\/@se\/115887558204080124","error":""},"_links":{"self":[{"href":"https:\/\/www.europesays.com\/se\/wp-json\/wp\/v2\/posts\/134226","targetHints":{"allow":["GET"]}}],"collection":[{"href":"https:\/\/www.europesays.com\/se\/wp-json\/wp\/v2\/posts"}],"about":[{"href":"https:\/\/www.europesays.com\/se\/wp-json\/wp\/v2\/types\/post"}],"author":[{"embeddable":true,"href":"https:\/\/www.europesays.com\/se\/wp-json\/wp\/v2\/users\/2"}],"replies":[{"embeddable":true,"href":"https:\/\/www.europesays.com\/se\/wp-json\/wp\/v2\/comments?post=134226"}],"version-history":[{"count":0,"href":"https:\/\/www.europesays.com\/se\/wp-json\/wp\/v2\/posts\/134226\/revisions"}],"wp:featuredmedia":[{"embeddable":true,"href":"https:\/\/www.europesays.com\/se\/wp-json\/wp\/v2\/media\/134227"}],"wp:attachment":[{"href":"https:\/\/www.europesays.com\/se\/wp-json\/wp\/v2\/media?parent=134226"}],"wp:term":[{"taxonomy":"category","embeddable":true,"href":"https:\/\/www.europesays.com\/se\/wp-json\/wp\/v2\/categories?post=134226"},{"taxonomy":"post_tag","embeddable":true,"href":"https:\/\/www.europesays.com\/se\/wp-json\/wp\/v2\/tags?post=134226"}],"curies":[{"name":"wp","href":"https:\/\/api.w.org\/{rel}","templated":true}]}}