{"id":134228,"date":"2026-01-13T11:29:08","date_gmt":"2026-01-13T11:29:08","guid":{"rendered":"https:\/\/www.europesays.com\/se\/134228\/"},"modified":"2026-01-13T11:29:08","modified_gmt":"2026-01-13T11:29:08","slug":"bli-rostmottagare-i-valet-2026","status":"publish","type":"post","link":"https:\/\/www.europesays.com\/se\/134228\/","title":{"rendered":"Bli r\u00f6stmottagare i valet 2026"},"content":{"rendered":"<p class=\"font-normal\">Du ska medverka till att valet genomf\u00f6rs korrekt, tryggt och s\u00e4kert. Du beh\u00f6ver ha ett hj\u00e4lpsamt och v\u00e4nligt arbetss\u00e4tt, vara effektiv, strukturerad, noggrann och ha god samarbetsf\u00f6rm\u00e5ga.<\/p>\n<p class=\"font-normal\">Du beh\u00f6ver inte ha n\u00e5gon tidigare erfarenhet. Alla r\u00f6stmottagare ska g\u00e5 en obligatorisk utbildning. Det g\u00e4ller b\u00e5de nya r\u00f6stmottagare och dem som arbetat i tidigare val.<\/p>\n<p class=\"font-normal\">Du f\u00e5r inte vara f\u00f6rtroendevald i kommunen, vara starkt f\u00f6rknippad med ett politiskt parti eller kandidera p\u00e5 en lista till n\u00e5got av de aktuella valen.<\/p>\n<p class=\"font-normal\">F\u00f6r din insats f\u00e5r du ett skattepliktigt arvode, l\u00e4s mer om det h\u00e4r nedanf\u00f6r. <\/p>\n<p>R\u00f6stmottagare p\u00e5 valdagen 13 september<\/p>\n<p class=\"font-normal\">F\u00f6r att kunna arbeta <strong>p\u00e5 valdagen<\/strong> beh\u00f6ver du ha fyllt 18 \u00e5r senast den 13 september 2026. Du ska beh\u00e4rska det svenska spr\u00e5ket v\u00e4l i tal och skrift.<\/p>\n<p class=\"font-normal\">I arbetsuppgifterna ing\u00e5r bland annat att uppr\u00e4tth\u00e5lla god ordning i vallokalen, ta emot r\u00f6ster och pricka av i r\u00f6stl\u00e4ngden.<\/p>\n<p class=\"font-normal\">P\u00e5 valdagen \u00e4r vallokalerna \u00f6ppna klockan 08.00\u201320.00. Som r\u00f6stmottagare schemal\u00e4ggs du att arbeta under cirka 8 timmar av dessa 12 timmar, fr\u00e5n tidigast klockan 07.30 p\u00e5 morgonen till klockan 20.00 p\u00e5 kv\u00e4llen. Du f\u00e5r flera raster under dagen.<\/p>\n<p class=\"font-normal\">Ut\u00f6ver dessa 8 timmar ska alla som har arbetat under vallokalens \u00f6ppettider hj\u00e4lpas \u00e5t att r\u00e4kna r\u00f6sterna, efter att den sista v\u00e4ljaren har r\u00f6stat. R\u00e4kningen kan p\u00e5g\u00e5 till sent p\u00e5 kv\u00e4llen.<\/p>\n<p class=\"font-normal\"><strong>Utbildning. <\/strong>Alla r\u00f6stmottagare ska g\u00e5 en obligatorisk utbildning p\u00e5 2\u20133 timmar. Utbildningen \u00e4ger rum under en vardagskv\u00e4ll n\u00e5gra veckor f\u00f6re valdagen. <\/p>\n<p class=\"font-normal\"><strong>Ers\u00e4ttning. <\/strong>Det utg\u00e5r ett fast arvode f\u00f6r utbildningen och arbetet p\u00e5 valdagen, samt timarvode f\u00f6r arbetet med r\u00f6str\u00e4kning efter vallokalens st\u00e4ngning.<br \/>F\u00f6r en r\u00f6stmottagare \u00e4r det 2 400 kronor inklusive ers\u00e4ttning f\u00f6r utbildningen. Arbetet efter vallokalens st\u00e4ngning ers\u00e4tts med 210 kronor per timme.<\/p>\n<p>R\u00f6stmottagare i f\u00f6rtidsr\u00f6stningen 26 augusti\u201313 september<\/p>\n<p class=\"font-normal\">F\u00f6r att kunna arbeta<strong> i f\u00f6rtidsr\u00f6stningen<\/strong> beh\u00f6ver du ha fyllt 18 \u00e5r senast den f\u00f6rsta tj\u00e4nstg\u00f6ringsdagen. Du ska beh\u00e4rska det svenska spr\u00e5ket v\u00e4l i tal och skrift. Du beh\u00f6ver ocks\u00e5 ha god datorvana eftersom f\u00f6rtidsr\u00f6stningen 2026 kommer att inneh\u00e5lla flera digitala moment.<\/p>\n<p class=\"font-normal\">Du ska vara tillg\u00e4nglig under perioden 26 augusti\u201313 september 2026. Du ska ha m\u00f6jlighet att jobba de flesta dagar (hel- eller halvdag) under hela perioden.<\/p>\n<p class=\"font-normal\"><strong>Utbildning. <\/strong>Alla r\u00f6stmottagare i f\u00f6rtidsr\u00f6stningen ska g\u00e5 en obligatorisk utbildning p\u00e5 2 timmar p\u00e5 dagtid.<\/p>\n<p class=\"font-normal\"><strong>Ers\u00e4ttning. <\/strong>Det utg\u00e5r timarvode f\u00f6r arbetet i f\u00f6rtidsr\u00f6stningen. Arvodet \u00e4r 210 kronor per timme samt 400 kronor f\u00f6r utbildningen.<\/p>\n<p>Skicka in din intresseanm\u00e4lan!<\/p>\n<p class=\"font-normal\"><a href=\"https:\/\/tyreso.varbi.com\/se\/what:registration\/jobID:4342\/\" rel=\"nofollow noopener\" target=\"_blank\">Intresseanm\u00e4lan: R\u00f6stmottagare p\u00e5 valdagen 13 september L\u00e4nk till annan webbplats.<\/a><\/p>\n<p class=\"font-normal\"><a href=\"https:\/\/tyreso.varbi.com\/se\/what:registration\/jobID:4340\/\" rel=\"nofollow noopener\" target=\"_blank\">Intresseanm\u00e4lan: R\u00f6stmottagare under f\u00f6rtidsr\u00f6stningen 26 augusti\u201313 september L\u00e4nk till annan webbplats.<\/a><\/p>\n<p>Kontakt<\/p>\n<p class=\"font-normal\">Har du fr\u00e5gor om uppdraget som r\u00f6stmottagare? Mejla till <a href=\"https:\/\/www.tyreso.se\/organisation--styrning\/insyn-och-paverkan\/allmanna-val\/mailto:val@tyreso.se\" rel=\"nofollow noopener\" target=\"_blank\">val@tyreso.se<\/a><\/p>\n","protected":false},"excerpt":{"rendered":"Du ska medverka till att valet genomf\u00f6rs korrekt, tryggt och s\u00e4kert. Du beh\u00f6ver ha ett hj\u00e4lpsamt och v\u00e4nligt&hellip;\n","protected":false},"author":2,"featured_media":134229,"comment_status":"","ping_status":"","sticky":false,"template":"","format":"standard","meta":{"footnotes":""},"categories":[12],"tags":[22,23,26,27,17,21,24,25,28,29,15,16,18,34,31,33,32,30,19,20,8043],"class_list":{"0":"post-134228","1":"post","2":"type-post","3":"status-publish","4":"format-standard","5":"has-post-thumbnail","7":"category-sverige","8":"tag-breaking-news","9":"tag-breakingnews","10":"tag-featured-news","11":"tag-featurednews","12":"tag-headlines","13":"tag-huvudnyheter","14":"tag-latest-news","15":"tag-latestnews","16":"tag-main-news","17":"tag-mainnews","18":"tag-news","19":"tag-nyheter","20":"tag-rubriker","21":"tag-se","22":"tag-svenska","23":"tag-sverige","24":"tag-sweden","25":"tag-swedish","26":"tag-top-stories","27":"tag-topstories","28":"tag-tyreso"},"share_on_mastodon":{"url":"https:\/\/pubeurope.com\/@se\/115887562127393696","error":""},"_links":{"self":[{"href":"https:\/\/www.europesays.com\/se\/wp-json\/wp\/v2\/posts\/134228","targetHints":{"allow":["GET"]}}],"collection":[{"href":"https:\/\/www.europesays.com\/se\/wp-json\/wp\/v2\/posts"}],"about":[{"href":"https:\/\/www.europesays.com\/se\/wp-json\/wp\/v2\/types\/post"}],"author":[{"embeddable":true,"href":"https:\/\/www.europesays.com\/se\/wp-json\/wp\/v2\/users\/2"}],"replies":[{"embeddable":true,"href":"https:\/\/www.europesays.com\/se\/wp-json\/wp\/v2\/comments?post=134228"}],"version-history":[{"count":0,"href":"https:\/\/www.europesays.com\/se\/wp-json\/wp\/v2\/posts\/134228\/revisions"}],"wp:featuredmedia":[{"embeddable":true,"href":"https:\/\/www.europesays.com\/se\/wp-json\/wp\/v2\/media\/134229"}],"wp:attachment":[{"href":"https:\/\/www.europesays.com\/se\/wp-json\/wp\/v2\/media?parent=134228"}],"wp:term":[{"taxonomy":"category","embeddable":true,"href":"https:\/\/www.europesays.com\/se\/wp-json\/wp\/v2\/categories?post=134228"},{"taxonomy":"post_tag","embeddable":true,"href":"https:\/\/www.europesays.com\/se\/wp-json\/wp\/v2\/tags?post=134228"}],"curies":[{"name":"wp","href":"https:\/\/api.w.org\/{rel}","templated":true}]}}