{"id":134230,"date":"2026-01-13T11:30:07","date_gmt":"2026-01-13T11:30:07","guid":{"rendered":"https:\/\/www.europesays.com\/se\/134230\/"},"modified":"2026-01-13T11:30:07","modified_gmt":"2026-01-13T11:30:07","slug":"efter-segern-i-tingsratten-facket-kraver-lagandring","status":"publish","type":"post","link":"https:\/\/www.europesays.com\/se\/134230\/","title":{"rendered":"Efter segern i tingsr\u00e4tten: Facket kr\u00e4ver lag\u00e4ndring"},"content":{"rendered":"<p>                                    <img decoding=\"async\" src=\"https:\/\/www.europesays.com\/se\/wp-content\/uploads\/2026\/01\/anna-olskog-gravid-kvinna.jpg\" alt=\"\" loading=\"lazy\"\/><\/p>\n<p>                                    Foto: Sven Jansson och Adobe stock<\/p>\n<p class=\"article-headerImageDescription\">Domen medf\u00f6r att skadest\u00e5ndet \u00e4ven g\u00e4ller privat anst\u00e4llda l\u00e4rare.<\/p>\n<p class=\"article-preamble\">\n                        Arbetsr\u00e4tt<br \/>\n                        Segert\u00e5get forts\u00e4tter. Tingsr\u00e4tten g\u00e5r p\u00e5 Sveriges L\u00e4rares linje i kampen f\u00f6r att gravida som f\u00f6rbj\u00f6ds att arbeta under pandemin ska f\u00e5 full ers\u00e4ttning.<br \/>\u2013 Jag \u00e4r j\u00e4ttestolt \u00f6ver vad vi tillsammans lyckats med, s\u00e4ger Anna Olskog, f\u00f6rbundsordf\u00f6rande f\u00f6r Sveriges L\u00e4rare.\n                    <\/p>\n<p>                    <img loading=\"lazy\" decoding=\"async\" class=\"article-bylineImg\" src=\"https:\/\/www.europesays.com\/se\/wp-content\/uploads\/2026\/01\/1768303807_822_jan-huss.jpeg\" width=\"100\" height=\"100\" alt=\"\"\/><\/p>\n<p>Under pandemin f\u00f6rbj\u00f6ds gravida att arbeta. Ist\u00e4llet f\u00f6r l\u00f6n fick de \u2013 felaktigt \u2013 den betydligt l\u00e4gre graviditetsers\u00e4ttningen.<\/p>\n<p>F\u00f6r m\u00e5nga innebar det stora ekonomiska f\u00f6rluster n\u00e4r behoven var som st\u00f6rst.<\/p>\n<p>\u2013 Vi har tagit fajten i domstol och vunnit.\u00a0Nu kr\u00e4ver vi lag\u00e4ndringar,\u00a0inte fler \u00e5r av processer, s\u00e4ger Sveriges L\u00e4rares f\u00f6rbundsordf\u00f6rande, Anna Olskog.\u00a0<\/p>\n<p>Flera framg\u00e5ngar f\u00f6r facket<\/p>\n<p>Sveriges L\u00e4rare har sedan 2021 k\u00e4mpat f\u00f6r att alla som drabbades ska f\u00e5 full ers\u00e4ttning och \u00e4ven skadest\u00e5nd eftersom de diskriminerats.<\/p>\n<p>Framg\u00e5ngarna har radat upp sig. Arbetsdomstolen h\u00f6ll med Sveriges L\u00e4rare vilket fick SKR att acceptera en \u00f6verenskommelse p\u00e5 Sveriges L\u00e4rares villkor.<\/p>\n<p>Nu d\u00f6mer \u00e4ven tingsr\u00e4tten till Sveriges L\u00e4rares f\u00f6rdel vilket inneb\u00e4r att \u00e4ven privat anst\u00e4llda l\u00e4rare kan f\u00e5 ers\u00e4ttning.<\/p>\n<p>Den som blivit diskriminerade genom att inte f\u00e5 jobba med full l\u00f6n har f\u00e5tt upp till 60 000 kronor i skadest\u00e5nd. \u00d6verenskommelsen med SKR g\u00e4ller f\u00f6r statligt och kommunalt anst\u00e4llda. I och med tingsr\u00e4ttens dom g\u00e4ller det alla.<\/p>\n<p>Tingsr\u00e4tten sl\u00e5r \u00e4ven fast att staten ska betala mellanskillnaden mellan den utbetalda graviditetsers\u00e4ttningen och den l\u00f6n personen hade vid tillf\u00e4llet. I detta kan \u00e4ven ers\u00e4ttning f\u00f6r l\u00f6netill\u00e4gg f\u00f6r till exempel f\u00f6rstel\u00e4raretj\u00e4nster och OB ing\u00e5.<\/p>\n<p>Hittills 2 000 medlemmar<\/p>\n<p>Fram till idag \u00e4r det minst 2 000 medlemmar i Sveriges L\u00e4rare som anm\u00e4lt att de f\u00e5tt f\u00f6r l\u00e5g ers\u00e4ttning under pandemin och antalet \u00f6kar. P\u00e5 <a href=\"https:\/\/www.sverigeslarare.se\/rad-och-stod\/ledighet\/foralder\/graviditet\/\" target=\"_blank\" rel=\"noopener nofollow\">Sveriges L\u00e4rares hemsida<\/a> finns information om hur man g\u00e5r till v\u00e4ga f\u00f6r att f\u00e5 skadest\u00e5nd och annan ers\u00e4ttning.<\/p>\n<p>Framg\u00e5ngen ligger, enligt Anna Olskog, i att hela f\u00f6rbundet mobiliserats i fr\u00e5gan, tvistat lokalt och fortsatt upp till h\u00f6gsta niv\u00e5.<\/p>\n<p>\u2013 Domen i Arbetsdomstolen var mer \u00e4n en juridisk seger. Den var ett rungande besked om att Sveriges L\u00e4rare inte accepterar or\u00e4ttvisor. V\u00e5r seger har v\u00e4ckt respekt och visat att Sveriges L\u00e4rare inte bara p\u00e5verkar v\u00e5r egen nisch av arbetsmarknaden, v\u00e5r fackliga kraft bidrar till hela den svenska fackf\u00f6reningsr\u00f6relsen.<\/p>\n<p>\u201dSluthunsat med l\u00e4rarna\u201d<\/p>\n<p>Sveriges L\u00e4rare anser att det i grunden en j\u00e4mlikhetsfr\u00e5ga.<\/p>\n<p>\u2013 Nu \u00e4r det sluthunsat med l\u00e4rarna och graviditet ska absolut inte vara en l\u00f6nef\u00e4lla. Vi \u00e4r f\u00f6r viktiga f\u00f6r samh\u00e4llet f\u00f6r att s\u00e5nt h\u00e4r ska kunna fortg\u00e5 och eftersom vi nu samlar alla l\u00e4rare i ett f\u00f6rbund har vi blivit starkare.<\/p>\n<p>Och kampen \u00e4r inte \u00f6ver \u00e4n. Tingsr\u00e4tten menar i sin dom att bara de som anm\u00e4lde de felaktiga utbetalningarna tv\u00e5 \u00e5r efter att de skett har r\u00e4tt till full ers\u00e4ttning. Orimligt, anser Sverige L\u00e4rare som \u00f6verv\u00e4ger att \u00f6verklaga domen.<\/p>\n<p>\u2013 F\u00f6r en enskild person \u00e4r det sv\u00e5rt att f\u00f6rst\u00e5 att ers\u00e4ttningen var fel och att det dessutom handlade om diskriminering, s\u00e4rskilt n\u00e4r svensk lag gett ett tydligt men felaktigt besked om vad som g\u00e4ller. Det \u00e4r orimligt att staten ska kunna dra nytta av sin egen f\u00f6rsummelse n\u00e4r lagstiftningen har vilselett, s\u00e4ger Anna Olskog.<\/p>\n<p>Fackets tre krav<\/p>\n<p>F\u00f6r att n\u00e5got liknande inte ska intr\u00e4dda igen kr\u00e4ver Sveriges L\u00e4rare nu tre saker:<\/p>\n<ul>\n<li>\u00c4ndra lagen s\u00e5 att man alltid f\u00e5r full ers\u00e4ttning om graviditeten g\u00f6r jobbet farligt. Det ska g\u00e4lla \u00e4ven om arbetsgivaren inte kan ordna andra, s\u00e4kra arbetsuppgifter.<\/li>\n<li>G\u00f6r det tydligt att staten har ansvar f\u00f6r den l\u00e4gsta garanterade inkomsten. Det minskar risken f\u00f6r diskriminering och g\u00f6r att v\u00e4lf\u00e4rdsverksamheter inte f\u00e5r betala priset ekonomiskt.<\/li>\n<li>Staten b\u00f6r ta tillbaka sin inv\u00e4ndning om preskription. Personer som litade p\u00e5 staten och myndigheterna, men \u00e4nd\u00e5 blev diskriminerade trots att de hade r\u00e4tt till s\u00e4rskilt skydd, ska f\u00e5 r\u00e4tt.<\/li>\n<\/ul>\n<p><strong>L\u00c4S MER:<\/strong><\/p>\n<p><a title=\"Anna st\u00e4ngdes av n\u00e4r hon var gravid: \u201dHalv inkomst\u201d\" href=\"https:\/\/www.vilarare.se\/nyheter\/arbetsratt\/anna-stangdes-av-nar-hon-var-gravid-halverad-inkomst\/\" rel=\"nofollow noopener\" target=\"_blank\">Anna st\u00e4ngdes av n\u00e4r hon var gravid: \u201dHalv inkomst\u201d<\/a><\/p>\n<p><a title=\"Kravet p\u00e5 regeringen efter avst\u00e4ngda gravida l\u00e4rare\" href=\"https:\/\/www.vilarare.se\/nyheter\/arbetsratt\/kravet-pa-regeringen-efter-avstangda-gravida-larare\/\" rel=\"nofollow noopener\" target=\"_blank\">Kravet p\u00e5 regeringen efter avst\u00e4ngda gravida l\u00e4rare<\/a><\/p>\n<p><a title=\"Gravida l\u00e4rarna f\u00f6rbj\u00f6ds arbeta \u2013 f\u00e5r kompensation\" href=\"https:\/\/www.vilarare.se\/nyheter\/arbetsratt\/gravida-lararna-forbjods-arbeta--far-full-kompensation\/\" rel=\"nofollow noopener\" target=\"_blank\">Gravida l\u00e4rarna f\u00f6rbj\u00f6ds arbeta \u2013 f\u00e5r kompensation<\/a><\/p>\n<p><a title=\"Facket st\u00e4mmer staten f\u00f6r diskriminering av gravida\" href=\"https:\/\/www.vilarare.se\/nyheter\/diskriminering\/facket-stammer-staten-for-diskriminering-av-gravida\/\" rel=\"nofollow noopener\" target=\"_blank\">Facket st\u00e4mmer staten f\u00f6r diskriminering av gravida<\/a><\/p>\n","protected":false},"excerpt":{"rendered":"Foto: Sven Jansson och Adobe stock Domen medf\u00f6r att skadest\u00e5ndet \u00e4ven g\u00e4ller privat anst\u00e4llda l\u00e4rare. Arbetsr\u00e4tt Segert\u00e5get forts\u00e4tter.&hellip;\n","protected":false},"author":2,"featured_media":134231,"comment_status":"","ping_status":"","sticky":false,"template":"","format":"standard","meta":{"footnotes":""},"categories":[5],"tags":[22,23,26,27,17,21,24,25,28,29,15,16,18,34,31,33,32,30,19,20],"class_list":{"0":"post-134230","1":"post","2":"type-post","3":"status-publish","4":"format-standard","5":"has-post-thumbnail","7":"category-rubriker","8":"tag-breaking-news","9":"tag-breakingnews","10":"tag-featured-news","11":"tag-featurednews","12":"tag-headlines","13":"tag-huvudnyheter","14":"tag-latest-news","15":"tag-latestnews","16":"tag-main-news","17":"tag-mainnews","18":"tag-news","19":"tag-nyheter","20":"tag-rubriker","21":"tag-se","22":"tag-svenska","23":"tag-sverige","24":"tag-sweden","25":"tag-swedish","26":"tag-top-stories","27":"tag-topstories"},"share_on_mastodon":{"url":"https:\/\/pubeurope.com\/@se\/115887565899984870","error":""},"_links":{"self":[{"href":"https:\/\/www.europesays.com\/se\/wp-json\/wp\/v2\/posts\/134230","targetHints":{"allow":["GET"]}}],"collection":[{"href":"https:\/\/www.europesays.com\/se\/wp-json\/wp\/v2\/posts"}],"about":[{"href":"https:\/\/www.europesays.com\/se\/wp-json\/wp\/v2\/types\/post"}],"author":[{"embeddable":true,"href":"https:\/\/www.europesays.com\/se\/wp-json\/wp\/v2\/users\/2"}],"replies":[{"embeddable":true,"href":"https:\/\/www.europesays.com\/se\/wp-json\/wp\/v2\/comments?post=134230"}],"version-history":[{"count":0,"href":"https:\/\/www.europesays.com\/se\/wp-json\/wp\/v2\/posts\/134230\/revisions"}],"wp:featuredmedia":[{"embeddable":true,"href":"https:\/\/www.europesays.com\/se\/wp-json\/wp\/v2\/media\/134231"}],"wp:attachment":[{"href":"https:\/\/www.europesays.com\/se\/wp-json\/wp\/v2\/media?parent=134230"}],"wp:term":[{"taxonomy":"category","embeddable":true,"href":"https:\/\/www.europesays.com\/se\/wp-json\/wp\/v2\/categories?post=134230"},{"taxonomy":"post_tag","embeddable":true,"href":"https:\/\/www.europesays.com\/se\/wp-json\/wp\/v2\/tags?post=134230"}],"curies":[{"name":"wp","href":"https:\/\/api.w.org\/{rel}","templated":true}]}}