{"id":134234,"date":"2026-01-13T11:33:13","date_gmt":"2026-01-13T11:33:13","guid":{"rendered":"https:\/\/www.europesays.com\/se\/134234\/"},"modified":"2026-01-13T11:33:13","modified_gmt":"2026-01-13T11:33:13","slug":"ciara-janson-darfor-lamnade-jag-relationen","status":"publish","type":"post","link":"https:\/\/www.europesays.com\/se\/134234\/","title":{"rendered":"Ciara Janson: D\u00e4rf\u00f6r l\u00e4mnade jag relationen"},"content":{"rendered":"<p>Publicerad 13 jan 2026 kl 12.27<\/p>\n<p>Skilsm\u00e4ssan med M\u00e5ns Zelmerl\u00f6w har varit sv\u00e5r.\u00a0<\/p>\n<p>F\u00f6r att hj\u00e4lpa andra delar nu Ciara Janson med sig av ord som hon skrivit till sig sj\u00e4lv \u2013 i en video p\u00e5 Instagram.\u00a0<\/p>\n<p>D\u00e4r ber\u00e4ttar den brittiska sk\u00e5despelaren om varf\u00f6r hon l\u00e4mnade relationen.\u00a0<\/p>\n<p><img loading=\"lazy\"   alt=\"\"\/><\/p>\n<p>Ciara Janson har t\u00e4vlat i svenska \u201dLet&#8217;s dance\u201d.<\/p>\n<p>Foto: STELLA PICTURES INSTAGRAM<\/p>\n<p>\u00d6ppna bild i helsk\u00e4rm<img loading=\"lazy\"   alt=\"\"\/> <\/p>\n<p>Foto: KARIN T\u00d6RNBLOM \/ IBL<\/p>\n<p>\u00d6ppna bild i helsk\u00e4rm<img loading=\"lazy\"   alt=\"\"\/><\/p>\n<p>Ciara Janson och M\u00e5ns Zelmerl\u00f6w.<\/p>\n<p>Foto: KARIN T\u00d6RNBLOM \/ IBL<\/p>\n<p>\u00d6ppna bild i helsk\u00e4rm<img loading=\"lazy\"   alt=\"\"\/><\/p>\n<p>M\u00e5ns Zelmerl\u00f6w.<\/p>\n<p>Foto: KARIN T\u00d6RNBLOM \/ IBL<\/p>\n<p>\u00d6ppna bild i helsk\u00e4rm<\/p>\n<p><a href=\"https:\/\/www.expressen.se\/tagg\/person\/ciara-janson\/\" class=\"\" rel=\"nofollow noopener\" target=\"_blank\">Ciara Janson<\/a>, 38, och M\u00e5ns Zelmerl\u00f6w, 39, separerade f\u00f6rra \u00e5ret och ligger fortsatt i en infekterad skilsm\u00e4ssa.\u00a0<\/p>\n<p>P\u00e5 Instagram skriver den brittiska sk\u00e5despelaren att hon f\u00e5tt m\u00e5nga fr\u00e5gor av f\u00f6ljare om sina sv\u00e5ra relationer. D\u00e4rf\u00f6r har hon nu best\u00e4mt sig f\u00f6r att dela med sig av ett par ord hon skrev, och sen spelade in, under en sv\u00e5r tid f\u00f6rra \u00e5ret.\u00a0<\/p>\n<p>\u201dDet h\u00e4r handlar inte om skuldbel\u00e4ggning, jag f\u00f6rst\u00e5r verkligen min del i f\u00f6rst\u00f6relsen. Det h\u00e4r handlar enbart om prioritering och reflektion. Skrivet f\u00f6r kvinnor, men lika djupt buret av m\u00e4n som har vandrat samma v\u00e4gar. Om det h\u00e4r ger n\u00e5gon orden de \u00e4nnu inte funnit, s\u00e5 kanske det landar d\u00e4r det beh\u00f6vs\u201d, skriver Ciara.\u00a0<\/p>\n<p>I videon pratar hon ur ett tredjeperspektiv men syftar p\u00e5 sig sj\u00e4lv.\u00a0<\/p>\n<p>Ciara Janson s\u00e4ger att hon inte l\u00e4mnade f\u00f6r att k\u00e4rleken var borta utan f\u00f6r att hon bland annat f\u00f6rl\u00e4t saker som \u201daldrig skulle ha f\u00f6rl\u00e5tits\u201d.\u00a0<\/p>\n<p>Ciara Janson: D\u00e5 fanns det ingen \u00e5terv\u00e4ndo<\/p>\n<p>Tillslut handlade det inte om att Ciara slutade att \u00e4lska, utan i st\u00e4llet att hon inte kunde \u00f6verge sig sj\u00e4lv, s\u00e4ger hon.\u00a0<\/p>\n<p>Insikten att man inte ska beh\u00f6va be om k\u00e4rlek slog till, enligt Janson.\u00a0<\/p>\n<p>Ciara s\u00e4ger att en kvinna som \u00e4r k\u00e4r kommer att k\u00e4mpa.\u00a0<\/p>\n<p>\u2013 Hon kommer att b\u00f6ja sig, hon kommer att kompromissa, hon kommer g\u00f6ra sig mindre f\u00f6r att passa in i kanterna av hans v\u00e4rld. Men det finns en sanning som ofta f\u00f6rbises, hon f\u00f6rst\u00e5r att hennes k\u00e4rlek har blivit tagen f\u00f6r given. Hon l\u00e4mnar inte med eld i h\u00e4nderna, hon l\u00e4mnar med klar sikt. Och n\u00e4r klarheten kommer finns det ingen \u00e5terv\u00e4ndo.\u00a0<\/p>\n<p>M\u00e5ns Zelmerl\u00f6w har tidigare sagt om uppbrottet med Ciara Janson:\u00a0<\/p>\n<p>\u201dDet \u00e4r en sv\u00e5r situation med s\u00e5rade k\u00e4nslor fr\u00e5n b\u00e5da h\u00e5ll. Det blev inte som n\u00e5gon av oss hade t\u00e4nkt oss\u201d.\u00a0<\/p>\n<p><a href=\"https:\/\/www.instagram.com\/p\/DTU3rwdDW9Z\/?hidecaption=true\" data-provider=\"instagram\" class=\"js-social-embed\" rel=\"nofollow noopener\" target=\"_blank\">https:\/\/www.instagram.com\/p\/DTU3rwdDW9Z\/?hidecaption=true<\/a><strong>L\u00c4S MER: <\/strong><a href=\"https:\/\/www.expressen.se\/noje\/tv-och-streaming\/uppgifter-edvin-tornblom-ny-jurymedlem-i-masked-singer-tar-over-efter-mans-zelmerlow\/\" class=\"\" rel=\"nofollow noopener\" target=\"_blank\">Uppgifter: Edvin T\u00f6rnblom ny jurymedlem i \u201dMasked singer\u201d \u2013 tar \u00f6ver efter M\u00e5ns Zelmerl\u00f6w<\/a><strong>L\u00c4S MER: <\/strong><a href=\"https:\/\/www.expressen.se\/noje\/ciaras-arliga-ord-om-svara-tiden-brutalt\/\" class=\"\" rel=\"nofollow noopener\" target=\"_blank\">Ciaras \u00e4rliga ord om sv\u00e5ra tiden: \u201dBrutalt\u201d<\/a><script async src=\"\/\/www.instagram.com\/embed.js\"><\/script><\/p>\n","protected":false},"excerpt":{"rendered":"Publicerad 13 jan 2026 kl 12.27 Skilsm\u00e4ssan med M\u00e5ns Zelmerl\u00f6w har varit sv\u00e5r.\u00a0 F\u00f6r att hj\u00e4lpa andra delar&hellip;\n","protected":false},"author":2,"featured_media":134235,"comment_status":"","ping_status":"","sticky":false,"template":"","format":"standard","meta":{"footnotes":""},"categories":[67],"tags":[104,509,508,34,31,33,32,30,105],"class_list":{"0":"post-134234","1":"post","2":"type-post","3":"status-publish","4":"format-standard","5":"has-post-thumbnail","7":"category-underhallning","8":"tag-entertainment","9":"tag-person-ciara-janson","10":"tag-person-mans-zelmerlow","11":"tag-se","12":"tag-svenska","13":"tag-sverige","14":"tag-sweden","15":"tag-swedish","16":"tag-underhallning"},"share_on_mastodon":{"url":"https:\/\/pubeurope.com\/@se\/115887577700713663","error":""},"_links":{"self":[{"href":"https:\/\/www.europesays.com\/se\/wp-json\/wp\/v2\/posts\/134234","targetHints":{"allow":["GET"]}}],"collection":[{"href":"https:\/\/www.europesays.com\/se\/wp-json\/wp\/v2\/posts"}],"about":[{"href":"https:\/\/www.europesays.com\/se\/wp-json\/wp\/v2\/types\/post"}],"author":[{"embeddable":true,"href":"https:\/\/www.europesays.com\/se\/wp-json\/wp\/v2\/users\/2"}],"replies":[{"embeddable":true,"href":"https:\/\/www.europesays.com\/se\/wp-json\/wp\/v2\/comments?post=134234"}],"version-history":[{"count":0,"href":"https:\/\/www.europesays.com\/se\/wp-json\/wp\/v2\/posts\/134234\/revisions"}],"wp:featuredmedia":[{"embeddable":true,"href":"https:\/\/www.europesays.com\/se\/wp-json\/wp\/v2\/media\/134235"}],"wp:attachment":[{"href":"https:\/\/www.europesays.com\/se\/wp-json\/wp\/v2\/media?parent=134234"}],"wp:term":[{"taxonomy":"category","embeddable":true,"href":"https:\/\/www.europesays.com\/se\/wp-json\/wp\/v2\/categories?post=134234"},{"taxonomy":"post_tag","embeddable":true,"href":"https:\/\/www.europesays.com\/se\/wp-json\/wp\/v2\/tags?post=134234"}],"curies":[{"name":"wp","href":"https:\/\/api.w.org\/{rel}","templated":true}]}}