{"id":134238,"date":"2026-01-13T11:37:07","date_gmt":"2026-01-13T11:37:07","guid":{"rendered":"https:\/\/www.europesays.com\/se\/134238\/"},"modified":"2026-01-13T11:37:07","modified_gmt":"2026-01-13T11:37:07","slug":"nu-ska-den-nya-beredskapsbroschyren-skickas-ut-till-sveriges-foretag","status":"publish","type":"post","link":"https:\/\/www.europesays.com\/se\/134238\/","title":{"rendered":"Nu ska den nya beredskapsbroschyren skickas ut till Sveriges f\u00f6retag"},"content":{"rendered":"<p>&#13;<br \/>\nDet privata n\u00e4ringslivet \u00e4r viktigt f\u00f6r svensk motst\u00e5ndskraft och har haft en prioriterad roll i uppbyggnaden av totalf\u00f6rsvaret. Myndigheten f\u00f6r civilt f\u00f6rsvar har d\u00e4rf\u00f6r p\u00e5 regeringens uppdrag tagit fram en broschyr med information om hur Sveriges f\u00f6retag kan f\u00f6rbereda sig inf\u00f6r kris och krig. <\/p>\n<p>\u2013 Svenska f\u00f6retag \u00e4r oumb\u00e4rliga f\u00f6r landets beredskap och n\u00e4ringslivet \u00e4ger en av nycklarna till ett starkt totalf\u00f6rsvar. Till skillnad fr\u00e5n det kalla krigets dagar s\u00e5 axlar privata akt\u00f6rer idag ett stort ansvar f\u00f6r m\u00e5nga av de funktioner och f\u00f6rm\u00e5gor som samh\u00e4llet bygger p\u00e5 och \u00e4r beroende av. D\u00e4rf\u00f6r beh\u00f6ver de vara v\u00e4l f\u00f6rberedda p\u00e5 sin uppgift, s\u00e4ger minister f\u00f6r civilt f\u00f6rsvar Carl-Oskar Bohlin.<\/p>\n<p>Genom att alla f\u00f6retag st\u00e4rker sin verksamhet st\u00e4rks ocks\u00e5 f\u00f6rsvarsviljan hos befolkningen. Pandemin visade ocks\u00e5 att n\u00e4ringslivets kompetens och f\u00f6rm\u00e5ga att agera och anpassa sig snabbt till nya f\u00f6rh\u00e5llanden \u00e4r en f\u00f6rm\u00e5ga som samh\u00e4llet m\u00e5ste fr\u00e4mja och h\u00e5lla levande.<\/p>\n<p>En samlande kontaktpunkt f\u00f6r n\u00e4ringslivet<\/p>\n<p>Myndigheten f\u00f6r civilt f\u00f6rsvar har tidigare f\u00e5tt i uppdrag att fungera som en kontaktpunkt f\u00f6r n\u00e4ringslivet och kunna ge samlad och l\u00e4ttillg\u00e4nglig information om f\u00f6rs\u00f6rjningsberedskap. Den broschyr som myndigheten nu tagit fram v\u00e4nder sig till s\u00e5v\u00e4l stora som sm\u00e5 f\u00f6retag. D\u00e4r finns information om hur man som f\u00f6retagare kan s\u00e4kerst\u00e4lla ett effektivt cybers\u00e4kerhetsarbete, hur f\u00f6retagets verksamhet ska kunna forts\u00e4tta att bedrivas oavsett st\u00f6rning samt om vikten av, och metoder f\u00f6r, \u00f6vning. Den ska ocks\u00e5 stimulera till samtal och diskussion och skapa medvetenhet.<\/p>\n<p>S\u00e5v\u00e4l broschyren som f\u00f6rdjupningar fr\u00e5n broschyren finns fr\u00e5n den 20 januari 2026 p\u00e5 Myndigheten f\u00f6r civilt f\u00f6rsvars webbplats och den kommer ocks\u00e5 att levereras proaktivt till 130 000 f\u00f6retag med fem eller fler anst\u00e4llda. Den kommer dessutom att distribueras till exempelvis stiftelser, kyrkor och idrottsf\u00f6reningar.<\/p>\n<p>Broschyren finns \u00f6versatt till engelska.<\/p>\n","protected":false},"excerpt":{"rendered":"&#13; Det privata n\u00e4ringslivet \u00e4r viktigt f\u00f6r svensk motst\u00e5ndskraft och har haft en prioriterad roll i uppbyggnaden av&hellip;\n","protected":false},"author":2,"featured_media":134209,"comment_status":"","ping_status":"","sticky":false,"template":"","format":"standard","meta":{"footnotes":""},"categories":[12],"tags":[22,23,26,27,17,21,24,25,28,29,15,16,18,34,31,33,32,30,19,20],"class_list":{"0":"post-134238","1":"post","2":"type-post","3":"status-publish","4":"format-standard","5":"has-post-thumbnail","7":"category-sverige","8":"tag-breaking-news","9":"tag-breakingnews","10":"tag-featured-news","11":"tag-featurednews","12":"tag-headlines","13":"tag-huvudnyheter","14":"tag-latest-news","15":"tag-latestnews","16":"tag-main-news","17":"tag-mainnews","18":"tag-news","19":"tag-nyheter","20":"tag-rubriker","21":"tag-se","22":"tag-svenska","23":"tag-sverige","24":"tag-sweden","25":"tag-swedish","26":"tag-top-stories","27":"tag-topstories"},"share_on_mastodon":{"url":"https:\/\/pubeurope.com\/@se\/115887593410191415","error":""},"_links":{"self":[{"href":"https:\/\/www.europesays.com\/se\/wp-json\/wp\/v2\/posts\/134238","targetHints":{"allow":["GET"]}}],"collection":[{"href":"https:\/\/www.europesays.com\/se\/wp-json\/wp\/v2\/posts"}],"about":[{"href":"https:\/\/www.europesays.com\/se\/wp-json\/wp\/v2\/types\/post"}],"author":[{"embeddable":true,"href":"https:\/\/www.europesays.com\/se\/wp-json\/wp\/v2\/users\/2"}],"replies":[{"embeddable":true,"href":"https:\/\/www.europesays.com\/se\/wp-json\/wp\/v2\/comments?post=134238"}],"version-history":[{"count":0,"href":"https:\/\/www.europesays.com\/se\/wp-json\/wp\/v2\/posts\/134238\/revisions"}],"wp:featuredmedia":[{"embeddable":true,"href":"https:\/\/www.europesays.com\/se\/wp-json\/wp\/v2\/media\/134209"}],"wp:attachment":[{"href":"https:\/\/www.europesays.com\/se\/wp-json\/wp\/v2\/media?parent=134238"}],"wp:term":[{"taxonomy":"category","embeddable":true,"href":"https:\/\/www.europesays.com\/se\/wp-json\/wp\/v2\/categories?post=134238"},{"taxonomy":"post_tag","embeddable":true,"href":"https:\/\/www.europesays.com\/se\/wp-json\/wp\/v2\/tags?post=134238"}],"curies":[{"name":"wp","href":"https:\/\/api.w.org\/{rel}","templated":true}]}}