{"id":13424,"date":"2025-08-25T14:52:08","date_gmt":"2025-08-25T14:52:08","guid":{"rendered":"https:\/\/www.europesays.com\/se\/13424\/"},"modified":"2025-08-25T14:52:08","modified_gmt":"2025-08-25T14:52:08","slug":"hulk-hogans-tarfyllda-ursakt-till-dottern-brooke-pa-dodsbadden","status":"publish","type":"post","link":"https:\/\/www.europesays.com\/se\/13424\/","title":{"rendered":"Hulk Hogans t\u00e5rfyllda urs\u00e4kt till dottern Brooke p\u00e5 d\u00f6dsb\u00e4dden"},"content":{"rendered":"<p>Publicerad 25 aug 2025 kl 16.06<\/p>\n<p>Hulk Hogans dotter Brooke br\u00f6t kontakten med honom f\u00f6r att \u201dskydda sitt hj\u00e4rta\u201d.<\/p>\n<p>Men bara dagar innan Hogans d\u00f6d hade de en t\u00e5rdrypande \u00e5terf\u00f6rening, skriver <a href=\"https:\/\/radaronline.com\/p\/hulk-hogan-death-apology-brooke-family-feud-before-passing\/\" rel=\"nofollow noopener\" target=\"_blank\">Radar Online<\/a>.<\/p>\n<p><img   alt=\"\"\/><\/p>\n<p>Hulk Hogan.<\/p>\n<p>Foto: PACIFIC PHOTO \/ AVALON \/ STELLA PICTURES<\/p>\n<p>\u00d6ppna bild i helsk\u00e4rm<img loading=\"lazy\"   alt=\"\"\/><\/p>\n<p>Brooke Hogan.<\/p>\n<p>Foto: Peter Brooker\/REX \/ TT NYHETSBYR\u00c5N<\/p>\n<p>\u00d6ppna bild i helsk\u00e4rm<\/p>\n<p>I slutet av juli hittades wrestlingstj\u00e4rnan Hulk Hogan d\u00f6d efter ett hj\u00e4rtstopp.<\/p>\n<p>Obduktionen visade att han ocks\u00e5 led av <a href=\"https:\/\/www.expressen.se\/noje\/hulk-hogan-hade-cancer\/\" rel=\"nofollow noopener\" target=\"_blank\">tidigare ok\u00e4nd leukemi.<\/a><\/p>\n<p>Hulk Hogan och hans dotter Brooke Hogan, 37, hade l\u00e4nge haft ett anstr\u00e4ngt f\u00f6rh\u00e5llande \u2013 de hade under l\u00e5ng tid ingen kontakt.<\/p>\n<p>Men bara dagar f\u00f6re Hulk Hogans d\u00f6d h\u00f6rde dottern av sig och de tv\u00e5 reparerade relationen.<\/p>\n<p>\u2013 Det var ett t\u00e5rfyllt samtal, men ett kort s\u00e5dant, s\u00e4ger en k\u00e4lla till Radar Online.<\/p>\n<p>\u2013 Brooke sa till sin pappa hur mycket hon \u00e4lskade honom och hur mycket hon saknat honom. Hulk sa att han l\u00e4skade henne och bad om urs\u00e4kt. Alla vet hur envis Hulk kunde vara, men hans sviktande h\u00e4lsa gjorde honom nog lite mjukare. Han visste att han var d\u00f6ende och bad om f\u00f6rl\u00e5telse.<\/p>\n<p>\u201dIngen kommer f\u00f6rst\u00e5\u201d<\/p>\n<p>Brooke Hogan skrev sj\u00e4lv p\u00e5 <a href=\"https:\/\/www.expressen.se\/tagg\/organization\/instagram\/\" class=\"\" rel=\"nofollow noopener\" target=\"_blank\">Instagram<\/a> n\u00e5gra dagar efter pappans d\u00f6d:<\/p>\n<p>\u201dDet var ett g\u00e4ng privata telefonsamtal som ingen n\u00e5gonsin kommer att h\u00f6ra eller f\u00f6rst\u00e5.\u201d<\/p>\n<p>Hulk Hogan blev 71 \u00e5r gammal.<\/p>\n","protected":false},"excerpt":{"rendered":"Publicerad 25 aug 2025 kl 16.06 Hulk Hogans dotter Brooke br\u00f6t kontakten med honom f\u00f6r att \u201dskydda sitt&hellip;\n","protected":false},"author":2,"featured_media":13425,"comment_status":"","ping_status":"","sticky":false,"template":"","format":"standard","meta":{"footnotes":""},"categories":[67],"tags":[104,425,34,31,33,32,30,547,105],"class_list":{"0":"post-13424","1":"post","2":"type-post","3":"status-publish","4":"format-standard","5":"has-post-thumbnail","7":"category-underhallning","8":"tag-entertainment","9":"tag-organization-instagram","10":"tag-se","11":"tag-svenska","12":"tag-sverige","13":"tag-sweden","14":"tag-swedish","15":"tag-topic-karlek-relationer","16":"tag-underhallning"},"share_on_mastodon":{"url":"","error":""},"_links":{"self":[{"href":"https:\/\/www.europesays.com\/se\/wp-json\/wp\/v2\/posts\/13424","targetHints":{"allow":["GET"]}}],"collection":[{"href":"https:\/\/www.europesays.com\/se\/wp-json\/wp\/v2\/posts"}],"about":[{"href":"https:\/\/www.europesays.com\/se\/wp-json\/wp\/v2\/types\/post"}],"author":[{"embeddable":true,"href":"https:\/\/www.europesays.com\/se\/wp-json\/wp\/v2\/users\/2"}],"replies":[{"embeddable":true,"href":"https:\/\/www.europesays.com\/se\/wp-json\/wp\/v2\/comments?post=13424"}],"version-history":[{"count":0,"href":"https:\/\/www.europesays.com\/se\/wp-json\/wp\/v2\/posts\/13424\/revisions"}],"wp:featuredmedia":[{"embeddable":true,"href":"https:\/\/www.europesays.com\/se\/wp-json\/wp\/v2\/media\/13425"}],"wp:attachment":[{"href":"https:\/\/www.europesays.com\/se\/wp-json\/wp\/v2\/media?parent=13424"}],"wp:term":[{"taxonomy":"category","embeddable":true,"href":"https:\/\/www.europesays.com\/se\/wp-json\/wp\/v2\/categories?post=13424"},{"taxonomy":"post_tag","embeddable":true,"href":"https:\/\/www.europesays.com\/se\/wp-json\/wp\/v2\/tags?post=13424"}],"curies":[{"name":"wp","href":"https:\/\/api.w.org\/{rel}","templated":true}]}}