{"id":134259,"date":"2026-01-13T12:04:08","date_gmt":"2026-01-13T12:04:08","guid":{"rendered":"https:\/\/www.europesays.com\/se\/134259\/"},"modified":"2026-01-13T12:04:08","modified_gmt":"2026-01-13T12:04:08","slug":"avsnitt-35-atervandande-samverkan-och-vanliga-missuppfattningar","status":"publish","type":"post","link":"https:\/\/www.europesays.com\/se\/134259\/","title":{"rendered":"Avsnitt 35. \u00c5terv\u00e4ndande: samverkan och vanliga missuppfattningar"},"content":{"rendered":"<p>&#13;<br \/>\n        Delmi-podden \u00e4r en podcast om migration och forskning som ges ut av Delegationen f\u00f6r migrationsstudier, en oberoende kommitt\u00e9 som initierar studier och f\u00f6rmedlar forskningsresultat som underlag till framtida migrationspolitiska beslut och f\u00f6r att bidra till samh\u00e4llsdebatten. Avsnitt 35 handlar om samarbete och samverkan i \u00e5terv\u00e4ndandearbetet mellan mellan myndigheter och organisationer \u2013 nationellt och internationellt. &#13;\n    <\/p>\n<p class=\"MsoNormal\">Den f\u00f6rsta februari 2023 startade Delmis projekt &#8221;\u00c5terv\u00e4ndande som internationell migrationspolitik: samordning inom och \u00f6ver nationella gr\u00e4nser&#8221; som finansieras av Asyl-, migrations- och integrationsfonden. I det h\u00e4r avsnittet diskuterar Delmis projektgrupp varf\u00f6r \u00e5terv\u00e4ndandefr\u00e5gan \u00e4r s\u00e5 central i Sverige och i EU. Delmis projektgrupp g\u00e5r igenom de st\u00f6rsta utmaningarna i \u00e5terv\u00e4ndandeprocessen \u2013 fr\u00e5n bristande samordning mellan myndigheter till sv\u00e5righeter i samarbetet med mottagarl\u00e4nder \u2013 och lyfter m\u00f6jliga l\u00f6sningar. Med st\u00f6d i forskning bem\u00f6ter vi ocks\u00e5 de vanligaste missuppfattningarna om \u00e5terv\u00e4ndande. Vad \u00e4r skillnaden mellan \u00e5tervandring och \u00e5terv\u00e4ndande? Vad h\u00e4nder egentligen efter ett \u00e5terv\u00e4ndande? Och hur v\u00e4l lyckas Sverige med att verkst\u00e4lla \u00e5terv\u00e4ndanden?<\/p>\n<blockquote>\n<p class=\"MsoNormal\">Varf\u00f6r kan man inte bara skicka tillbaka folk som inte har en laglig r\u00e4tt att vara i Sverige? Jag tror att det som Delmis arbete bidrar till \u00e4r att visa p\u00e5 komplexiteten i de h\u00e4r processerna, att det \u00e4r otroligt m\u00e5nga akt\u00f6rer som ska samarbeta och samverka. Till syvende och sist s\u00e5 handlar det ocks\u00e5 om en individs vilja att samarbeta och acceptera ett beslut om ett \u00e5terv\u00e4ndande. Och alla de h\u00e4r bitarna ska finnas p\u00e5 plats.<\/p>\n<\/blockquote>\n<p class=\"MsoNormal\">Citat fr\u00e5n poddsamtalet, av Iris Luthman.<\/p>\n<p>G\u00e4ster<\/p>\n<p class=\"MsoNormal\"><strong>Henrik Malm Lindberg<\/strong>, bitr\u00e4dande kanslichef p\u00e5 Delmi och projektledare.<\/p>\n<p class=\"MsoNormal\"><strong>Iris Luthman<\/strong>, utredningssekreterare p\u00e5 Delmi och rapportf\u00f6rfattare.<\/p>\n<p class=\"MsoNormal\"><strong>Anna Hammarstedt<\/strong>, utredningssekreterare p\u00e5 Delmi och rapportf\u00f6rfattare.<\/p>\n<p class=\"MsoNormal\"><strong>Suzanne Planchard<\/strong>, utredningssekreterare p\u00e5 Delmi och rapportf\u00f6rfattare.<\/p>\n<p class=\"MsoNormal\">Programledare:\u00a0<strong>Diana Berberich<\/strong>.<\/p>\n<p>S\u00e5 h\u00e4r lyssnar du<\/p>\n<p class=\"MsoNormal\">Du kan lyssna p\u00e5 avsnittet direkt fr\u00e5n din dator, smartphone eller surfplatta. F\u00f6r att lyssna fr\u00e5n en smartphone eller surfplatta kan du ladda ner en podcastapp, exempelvis Apple Podcasts, Spotify eller Acast. Delmis avsnitt publiceras i Podspace och finns sedan tillg\u00e4nglig p\u00e5 alla podcastplattformar. F\u00f6r att inte missa v\u00e5ra nya avsnitt kan du prenumerera p\u00e5 v\u00e5r podd.<\/p>\n<p class=\"MsoNormal\"><img loading=\"lazy\" decoding=\"async\" src=\"https:\/\/www.europesays.com\/se\/wp-content\/uploads\/2026\/01\/sv-medfinansieras-av-europeiska-unionen_pos.png\" alt=\"\" width=\"500\" height=\"107\"\/><\/p>\n","protected":false},"excerpt":{"rendered":"&#13; Delmi-podden \u00e4r en podcast om migration och forskning som ges ut av Delegationen f\u00f6r migrationsstudier, en oberoende&hellip;\n","protected":false},"author":2,"featured_media":134260,"comment_status":"","ping_status":"","sticky":false,"template":"","format":"standard","meta":{"footnotes":""},"categories":[12],"tags":[22,23,26,27,17,21,24,25,28,29,15,16,18,34,31,33,32,30,19,20],"class_list":{"0":"post-134259","1":"post","2":"type-post","3":"status-publish","4":"format-standard","5":"has-post-thumbnail","7":"category-sverige","8":"tag-breaking-news","9":"tag-breakingnews","10":"tag-featured-news","11":"tag-featurednews","12":"tag-headlines","13":"tag-huvudnyheter","14":"tag-latest-news","15":"tag-latestnews","16":"tag-main-news","17":"tag-mainnews","18":"tag-news","19":"tag-nyheter","20":"tag-rubriker","21":"tag-se","22":"tag-svenska","23":"tag-sverige","24":"tag-sweden","25":"tag-swedish","26":"tag-top-stories","27":"tag-topstories"},"share_on_mastodon":{"url":"https:\/\/pubeurope.com\/@se\/115887699642911967","error":""},"_links":{"self":[{"href":"https:\/\/www.europesays.com\/se\/wp-json\/wp\/v2\/posts\/134259","targetHints":{"allow":["GET"]}}],"collection":[{"href":"https:\/\/www.europesays.com\/se\/wp-json\/wp\/v2\/posts"}],"about":[{"href":"https:\/\/www.europesays.com\/se\/wp-json\/wp\/v2\/types\/post"}],"author":[{"embeddable":true,"href":"https:\/\/www.europesays.com\/se\/wp-json\/wp\/v2\/users\/2"}],"replies":[{"embeddable":true,"href":"https:\/\/www.europesays.com\/se\/wp-json\/wp\/v2\/comments?post=134259"}],"version-history":[{"count":0,"href":"https:\/\/www.europesays.com\/se\/wp-json\/wp\/v2\/posts\/134259\/revisions"}],"wp:featuredmedia":[{"embeddable":true,"href":"https:\/\/www.europesays.com\/se\/wp-json\/wp\/v2\/media\/134260"}],"wp:attachment":[{"href":"https:\/\/www.europesays.com\/se\/wp-json\/wp\/v2\/media?parent=134259"}],"wp:term":[{"taxonomy":"category","embeddable":true,"href":"https:\/\/www.europesays.com\/se\/wp-json\/wp\/v2\/categories?post=134259"},{"taxonomy":"post_tag","embeddable":true,"href":"https:\/\/www.europesays.com\/se\/wp-json\/wp\/v2\/tags?post=134259"}],"curies":[{"name":"wp","href":"https:\/\/api.w.org\/{rel}","templated":true}]}}