{"id":134266,"date":"2026-01-13T12:10:08","date_gmt":"2026-01-13T12:10:08","guid":{"rendered":"https:\/\/www.europesays.com\/se\/134266\/"},"modified":"2026-01-13T12:10:08","modified_gmt":"2026-01-13T12:10:08","slug":"jp-morgan-drar-in-mer-pengar-an-vantat","status":"publish","type":"post","link":"https:\/\/www.europesays.com\/se\/134266\/","title":{"rendered":"JP Morgan drar in mer pengar \u00e4n v\u00e4ntat"},"content":{"rendered":"<p>share-arrowDela<\/p>\n<p>unsaveSpara<\/p>\n<p>expand-left<\/p>\n<p>helsk\u00e4rm<img decoding=\"async\" class=\"image-asset hyperion-css-u06ts1\" data-test-tag=\"image-asset\" src=\"https:\/\/www.europesays.com\/se\/wp-content\/uploads\/2026\/01\/f45ce515-f18b-46d7-955d-cc0d62e0af3a.jpeg\"  alt=\"F\u00e4rska siffror fr\u00e5n storbanken JP Morgan Chase &amp; Co, med vd Jamie Dimon, inleder den globala rapports\u00e4songen. Arkivbild\"  loading=\"eager\" fetchpriority=\"high\" style=\"aspect-ratio:1900 \/ 1267\"\/>F\u00e4rska siffror fr\u00e5n storbanken JP Morgan Chase &amp; Co, med vd Jamie Dimon, inleder den globala rapports\u00e4songen. Arkivbild Foto: Michel Euler<\/p>\n<p class=\"hyperion-css-1shl3oz\" data-test-tag=\"lead-text\">Den amerikanska storbanken JP Morgan Chase &amp; Co drog in 46,7 miljarder dollar i int\u00e4kter under fj\u00e4rde kvartalet i fjol, enligt ett bokslut. Det var marginellt mer \u00e4n snittprognosen p\u00e5 46,4 miljarder.<\/p>\n<p class=\"hyperion-css-1v9qo5x\">Aktien ligger p\u00e5 plus 1 procent i terminshandeln omedelbart efter rapporten.<\/p>\n<p class=\"hyperion-css-1v9qo5x\">Tradingint\u00e4kterna hamnade p\u00e5 2,9 miljarder dollar, mot v\u00e4ntade 2,7 miljarder och den justerade vinsten landade p\u00e5 5,23 dollar per aktie, mot v\u00e4ntade 5,00 dollar.<\/p>\n<p class=\"hyperion-css-1v9qo5x\">Senare i veckan f\u00f6ljer fler rapporter fr\u00e5n finansbj\u00e4ssarna p\u00e5 Wall Street. N\u00e4st i tur \u00e4r Bank of America, Wells Fargo och Citigroup p\u00e5 onsdag f\u00f6ljt av rapporter fr\u00e5n Goldman Sachs och Morgan Stanley p\u00e5 torsdag.<\/p>\n<p class=\"hyperion-css-1v9qo5x\">Rapports\u00e4songen p\u00e5 Stockholmsb\u00f6rsen kommer ig\u00e5ng f\u00f6rst n\u00e4sta vecka, d\u00e5 bland annat Investor och Ericsson ska presentera bokslut f\u00f6r 2025.<\/p>\n","protected":false},"excerpt":{"rendered":"share-arrowDela unsaveSpara expand-left helsk\u00e4rmF\u00e4rska siffror fr\u00e5n storbanken JP Morgan Chase &amp; Co, med vd Jamie Dimon, inleder den&hellip;\n","protected":false},"author":2,"featured_media":134267,"comment_status":"","ping_status":"","sticky":false,"template":"","format":"standard","meta":{"footnotes":""},"categories":[65],"tags":[72,70,71,34,31,33,32,30],"class_list":{"0":"post-134266","1":"post","2":"type-post","3":"status-publish","4":"format-standard","5":"has-post-thumbnail","7":"category-ekonomi","8":"tag-business","9":"tag-economy","10":"tag-ekonomi","11":"tag-se","12":"tag-svenska","13":"tag-sverige","14":"tag-sweden","15":"tag-swedish"},"share_on_mastodon":{"url":"https:\/\/pubeurope.com\/@se\/115887723194211100","error":""},"_links":{"self":[{"href":"https:\/\/www.europesays.com\/se\/wp-json\/wp\/v2\/posts\/134266","targetHints":{"allow":["GET"]}}],"collection":[{"href":"https:\/\/www.europesays.com\/se\/wp-json\/wp\/v2\/posts"}],"about":[{"href":"https:\/\/www.europesays.com\/se\/wp-json\/wp\/v2\/types\/post"}],"author":[{"embeddable":true,"href":"https:\/\/www.europesays.com\/se\/wp-json\/wp\/v2\/users\/2"}],"replies":[{"embeddable":true,"href":"https:\/\/www.europesays.com\/se\/wp-json\/wp\/v2\/comments?post=134266"}],"version-history":[{"count":0,"href":"https:\/\/www.europesays.com\/se\/wp-json\/wp\/v2\/posts\/134266\/revisions"}],"wp:featuredmedia":[{"embeddable":true,"href":"https:\/\/www.europesays.com\/se\/wp-json\/wp\/v2\/media\/134267"}],"wp:attachment":[{"href":"https:\/\/www.europesays.com\/se\/wp-json\/wp\/v2\/media?parent=134266"}],"wp:term":[{"taxonomy":"category","embeddable":true,"href":"https:\/\/www.europesays.com\/se\/wp-json\/wp\/v2\/categories?post=134266"},{"taxonomy":"post_tag","embeddable":true,"href":"https:\/\/www.europesays.com\/se\/wp-json\/wp\/v2\/tags?post=134266"}],"curies":[{"name":"wp","href":"https:\/\/api.w.org\/{rel}","templated":true}]}}