{"id":134268,"date":"2026-01-13T12:12:30","date_gmt":"2026-01-13T12:12:30","guid":{"rendered":"https:\/\/www.europesays.com\/se\/134268\/"},"modified":"2026-01-13T12:12:30","modified_gmt":"2026-01-13T12:12:30","slug":"flera-nya-snovarningar-fran-smhi","status":"publish","type":"post","link":"https:\/\/www.europesays.com\/se\/134268\/","title":{"rendered":"Flera nya sn\u00f6varningar fr\u00e5n SMHI"},"content":{"rendered":"<p>F\u00f6r tisdagen och onsdagen har SMHI utf\u00e4rdat varningar f\u00f6r <a href=\"https:\/\/www.svt.se\/nyheter\/lokalt\/halland\/smhi-varnar-for-plotslig-ishalka-i-vastsverige\" rel=\"nofollow noopener\" target=\"_blank\">pl\u00f6tslig ishalka<\/a> p\u00e5 flera h\u00e5ll i s\u00f6dra Sverige.<\/p>\n<p>Man ut\u00f6kade sedan varningarna till ett st\u00f6rre omr\u00e5de, tillsammans med nya gula varningar f\u00f6r sn\u00f6 som g\u00e4ller onsdagen.<\/p>\n<p>En stor del av s\u00f6dra Sverige \u00e4r nu gulf\u00e4rgad p\u00e5 SMHI:s karta.<\/p>\n<p>\u201dBl\u00f6t och tung\u201d sn\u00f6<\/p>\n<p>Det ena varningsomr\u00e5det \u00e4r \u00f6stra Svealand med Stockholm och Uppsala, och nord\u00f6stra \u00d6sterg\u00f6tland och s\u00f6dra G\u00e4vleborgs l\u00e4n. H\u00e4r varnar SMHI f\u00f6r sn\u00f6 fr\u00e5n lunchtid och fram till kv\u00e4llen.<\/p>\n<p>\u201dSamtidigt v\u00e4ntas mildare luft och sn\u00f6n kan vara tung och bl\u00f6t, p\u00e5 flera h\u00e5ll \u00e4ven inslag av regn. Totalt v\u00e4ntas 5-10 cm nysn\u00f6\u201d.<\/p>\n<p>Varnar i V\u00e4rmland och \u00d6rebro<\/p>\n<p>Den andra varningen g\u00e4ller hela V\u00e4rmland och \u00d6rebro, och delar av V\u00e4sterg\u00f6tland, \u00d6sterg\u00f6tlands, S\u00f6dermanlands, V\u00e4stmanlands, Dalarnas och s\u00f6dra G\u00e4vleborgs l\u00e4n. <\/p>\n<p>Varningen ligger fr\u00e5n tidig morgon fram till kv\u00e4llen p\u00e5 onsdagen. \u00c4ven d\u00e4r varnar SMHI f\u00f6r 5-10 centimeter nysn\u00f6 som kan bli tung och bl\u00f6t.<\/p>\n<p>\u201dD\u00e5 det lokalt ocks\u00e5 kan f\u00f6rekomma regn finns det risk f\u00f6r problem med ishalka.\u201d, skriver SMHI p\u00e5 sin hemsida.<\/p>\n","protected":false},"excerpt":{"rendered":"F\u00f6r tisdagen och onsdagen har SMHI utf\u00e4rdat varningar f\u00f6r pl\u00f6tslig ishalka p\u00e5 flera h\u00e5ll i s\u00f6dra Sverige. Man&hellip;\n","protected":false},"author":2,"featured_media":793,"comment_status":"","ping_status":"","sticky":false,"template":"","format":"standard","meta":{"footnotes":""},"categories":[12],"tags":[22,23,26,27,17,21,24,25,28,29,15,16,18,34,31,33,32,30,19,20],"class_list":{"0":"post-134268","1":"post","2":"type-post","3":"status-publish","4":"format-standard","5":"has-post-thumbnail","7":"category-sverige","8":"tag-breaking-news","9":"tag-breakingnews","10":"tag-featured-news","11":"tag-featurednews","12":"tag-headlines","13":"tag-huvudnyheter","14":"tag-latest-news","15":"tag-latestnews","16":"tag-main-news","17":"tag-mainnews","18":"tag-news","19":"tag-nyheter","20":"tag-rubriker","21":"tag-se","22":"tag-svenska","23":"tag-sverige","24":"tag-sweden","25":"tag-swedish","26":"tag-top-stories","27":"tag-topstories"},"share_on_mastodon":{"url":"https:\/\/pubeurope.com\/@se\/115887731012272019","error":""},"_links":{"self":[{"href":"https:\/\/www.europesays.com\/se\/wp-json\/wp\/v2\/posts\/134268","targetHints":{"allow":["GET"]}}],"collection":[{"href":"https:\/\/www.europesays.com\/se\/wp-json\/wp\/v2\/posts"}],"about":[{"href":"https:\/\/www.europesays.com\/se\/wp-json\/wp\/v2\/types\/post"}],"author":[{"embeddable":true,"href":"https:\/\/www.europesays.com\/se\/wp-json\/wp\/v2\/users\/2"}],"replies":[{"embeddable":true,"href":"https:\/\/www.europesays.com\/se\/wp-json\/wp\/v2\/comments?post=134268"}],"version-history":[{"count":0,"href":"https:\/\/www.europesays.com\/se\/wp-json\/wp\/v2\/posts\/134268\/revisions"}],"wp:featuredmedia":[{"embeddable":true,"href":"https:\/\/www.europesays.com\/se\/wp-json\/wp\/v2\/media\/793"}],"wp:attachment":[{"href":"https:\/\/www.europesays.com\/se\/wp-json\/wp\/v2\/media?parent=134268"}],"wp:term":[{"taxonomy":"category","embeddable":true,"href":"https:\/\/www.europesays.com\/se\/wp-json\/wp\/v2\/categories?post=134268"},{"taxonomy":"post_tag","embeddable":true,"href":"https:\/\/www.europesays.com\/se\/wp-json\/wp\/v2\/tags?post=134268"}],"curies":[{"name":"wp","href":"https:\/\/api.w.org\/{rel}","templated":true}]}}