{"id":134269,"date":"2026-01-13T12:15:20","date_gmt":"2026-01-13T12:15:20","guid":{"rendered":"https:\/\/www.europesays.com\/se\/134269\/"},"modified":"2026-01-13T12:15:20","modified_gmt":"2026-01-13T12:15:20","slug":"fem-rullstolscurlare-har-fatt-klartecken-for-paralympics","status":"publish","type":"post","link":"https:\/\/www.europesays.com\/se\/134269\/","title":{"rendered":"Fem rullstolscurlare har f\u00e5tt klartecken f\u00f6r Paralympics!"},"content":{"rendered":"<p class=\"normal\">Laget som tog sig till den historiska finalen i Peking 2022 \u00e4r redo f\u00f6r sitt tredje spel med Viljo Petersson Dahl som skipper. Fyra av fem spelare \u00e4r desamma som i silverlaget. Marcus Holm \u00e4r ny in men har stor erfarenhet fr\u00e5n tidigare spel, d\u00e5 som spelare i paraishockey.<\/p>\n<p class=\"normal\">Laget kommer att ledas av landlagscoach Peter Narup och f\u00f6rbundskapten Alison Kreviazuk.<\/p>\n<blockquote class=\"env-blockquote\">\n<p class=\"normal\">Spelarna har visat en fantastisk utveckling, vilja och styrka under \u00e5ren. Vi har h\u00f6ga ambitioner och ser fram emot att k\u00e4mpa om medaljer i Paralympics, s\u00e4ger Alison Kreviazuk.<\/p>\n<\/blockquote>\n<p class=\"normal\">Sabina Johansson s\u00e4ger:<\/p>\n<blockquote class=\"env-blockquote\">\n<p class=\"normal\">Det ska bli superkul att f\u00e5 m\u00f6jligheten att vara med p\u00e5 Paralympics igen. Jag \u00e4r stolt \u00f6ver att \u00e5terigen f\u00e5 f\u00f6rtroendet att ing\u00e5 i laget som representerar Sverige.<\/p>\n<\/blockquote>\n<p class=\"normal\"><strong>Paralympics avg\u00f6rs i Cortina <\/strong><strong>7 mars \u2013 15 mars 2026<\/strong>. <br \/>Turneringen b\u00f6rjar med grundspel f\u00f6ljt av slutspel.<\/p>\n<p class=\"normal\">L\u00e4s mer i Sveriges Paralympiska kommitt\u00e9s pressmeddelande:<\/p>\n<p class=\"normal\"><a href=\"https:\/\/www.paralympics.se\/paralympics\/paralympics\/nyheter\/nyheter\/2026-01-13-nio-idrottare-far-klartecken-till-paralympics-i-milano-cortina\" rel=\"nofollow noopener\" target=\"_blank\">https:\/\/www.paralympics.se\/paralympics\/paralympics\/nyheter\/nyheter\/2026-01-13-nio-idrottare-far-klartecken-till-paralympics-i-milano-cortina L\u00e4nk till annan webbplats.<\/a><\/p>\n<p class=\"normal\"><strong>Mer information:<\/strong><strong><br \/><\/strong>F\u00f6lj nyheter och uppdateringar om Paralympics p\u00e5:<br \/>www.curling.se<\/p>\n<p class=\"normal\"><strong>Kontaktuppgifter:<\/strong><br \/>Alison Kreviazuk, F\u00f6rbundskapten<br \/>alison.krev@curling.se<\/p>\n","protected":false},"excerpt":{"rendered":"Laget som tog sig till den historiska finalen i Peking 2022 \u00e4r redo f\u00f6r sitt tredje spel med&hellip;\n","protected":false},"author":2,"featured_media":134270,"comment_status":"","ping_status":"","sticky":false,"template":"","format":"standard","meta":{"footnotes":""},"categories":[68],"tags":[34,111,110,31,33,32,30],"class_list":{"0":"post-134269","1":"post","2":"type-post","3":"status-publish","4":"format-standard","5":"has-post-thumbnail","7":"category-sport","8":"tag-se","9":"tag-sport","10":"tag-sports","11":"tag-svenska","12":"tag-sverige","13":"tag-sweden","14":"tag-swedish"},"share_on_mastodon":{"url":"https:\/\/pubeurope.com\/@se\/115887742898987412","error":""},"_links":{"self":[{"href":"https:\/\/www.europesays.com\/se\/wp-json\/wp\/v2\/posts\/134269","targetHints":{"allow":["GET"]}}],"collection":[{"href":"https:\/\/www.europesays.com\/se\/wp-json\/wp\/v2\/posts"}],"about":[{"href":"https:\/\/www.europesays.com\/se\/wp-json\/wp\/v2\/types\/post"}],"author":[{"embeddable":true,"href":"https:\/\/www.europesays.com\/se\/wp-json\/wp\/v2\/users\/2"}],"replies":[{"embeddable":true,"href":"https:\/\/www.europesays.com\/se\/wp-json\/wp\/v2\/comments?post=134269"}],"version-history":[{"count":0,"href":"https:\/\/www.europesays.com\/se\/wp-json\/wp\/v2\/posts\/134269\/revisions"}],"wp:featuredmedia":[{"embeddable":true,"href":"https:\/\/www.europesays.com\/se\/wp-json\/wp\/v2\/media\/134270"}],"wp:attachment":[{"href":"https:\/\/www.europesays.com\/se\/wp-json\/wp\/v2\/media?parent=134269"}],"wp:term":[{"taxonomy":"category","embeddable":true,"href":"https:\/\/www.europesays.com\/se\/wp-json\/wp\/v2\/categories?post=134269"},{"taxonomy":"post_tag","embeddable":true,"href":"https:\/\/www.europesays.com\/se\/wp-json\/wp\/v2\/tags?post=134269"}],"curies":[{"name":"wp","href":"https:\/\/api.w.org\/{rel}","templated":true}]}}