{"id":134272,"date":"2026-01-13T12:18:26","date_gmt":"2026-01-13T12:18:26","guid":{"rendered":"https:\/\/www.europesays.com\/se\/134272\/"},"modified":"2026-01-13T12:18:26","modified_gmt":"2026-01-13T12:18:26","slug":"prioritera-digital-suveranitet-innan-det-ar-for-sent","status":"publish","type":"post","link":"https:\/\/www.europesays.com\/se\/134272\/","title":{"rendered":"Prioritera digital suver\u00e4nitet innan det \u00e4r f\u00f6r sent"},"content":{"rendered":"<p>Idag anv\u00e4nder en \u00f6verv\u00e4ldigande majoritet av svenska f\u00f6retag och institutioner amerikanska molntj\u00e4nster. Tre bolag, Amazon, Microsoft och Google kontrollerar ensamma omkring tv\u00e5 tredjedelar av den europeiska marknaden. De europeiska konkurrenterna har en marknadsandel omkring modesta 15 procent.<\/p>\n<p>Det europeiska beroendet av amerikanska molnj\u00e4ttar \u00e4r massivt. Det har sin f\u00f6rklaring i att de amerikanska f\u00f6retagen har blivit mycket framg\u00e5ngsrika d\u00e4rf\u00f6r att de byggt fantastiska tj\u00e4nster, och haft stark support fr\u00e5n amerikanska staten. Samtidigt har vi h\u00e4r i Europa haft v\u00e5rt fokus p\u00e5 annat. D\u00e4rf\u00f6r \u00e4r vi d\u00e4r vi \u00e4r nu.<\/p>\n<p><strong>Det h\u00e4r beroendet <\/strong>\u00e4r dock allt annat \u00e4n sunt och v\u00e4rre riskerar det att bli n\u00e4r behovet av ber\u00e4kningskraft och datalagring f\u00f6r att driva AI blir allt st\u00f6rre.<\/p>\n<p>Amerikansk lagstiftning i form av US Cloud Act ger landets myndigheter r\u00e4tt att beg\u00e4ra ut data fr\u00e5n amerikanska molntj\u00e4nstf\u00f6retag oavsett var i v\u00e4rlden datan lagras utan att beh\u00f6va beg\u00e4ra tillst\u00e5nd fr\u00e5n vare sig det land eller det f\u00f6retag d\u00e4r datan lagras. Det inneb\u00e4r att f\u00f6retag som till exempel Microsoft, som helt s\u00e4kert har goda intentioner och v\u00e4rnar om att g\u00f6ra allt r\u00e4tt i EU, faktiskt inte f\u00e5r agera sj\u00e4lvst\u00e4ndigt. De lyder under amerikanska lagar och verkar under en amerikansk regering som visat att den inte har n\u00e5gra problem med att ut\u00f6va p\u00e5tryckningar p\u00e5 andra l\u00e4nder med alla tillbuds st\u00e5ende medel, potentiellt inkluderande att st\u00e4nga av IT-tj\u00e4nster.<\/p>\n<p>\u201dDet \u00e4r en n\u00f6dv\u00e4ndighet f\u00f6r USA:s nationella s\u00e4kerhet att uppn\u00e5 och uppr\u00e4tth\u00e5lla en obestridd och oemotsagd global teknologisk dominans.\u201d S\u00e5 heter det i president Donald Trumps f\u00f6rord till America\u2019s AI Action plan. F\u00f6r USA handlar AI inte om samarbeten och v\u00e4rnande av gemensamma v\u00e4rden. Det handlar om total global dominans. Inte ov\u00e4ntat har den nuvarande amerikanska administrationen d\u00e4rmed ocks\u00e5 systematiskt struntat i det avtal som finns f\u00f6r att skydda europeiska personuppgifter i amerikanska molntj\u00e4nster. I den nyligen publicerade National Security Strategy (NSS25) blir bilden tydlig av vad America First betyder i utrikespolitiken. Amerikansk utrikespolitik handlar om att dominera och domdera.<\/p>\n<p><strong>Ledstj\u00e4rnan \u00e4r <\/strong>\u201dwhat works for America\u201d. F\u00f6r Trump \u00e4r v\u00e4rlden ett konkurrensspel som USA m\u00e5ste vinna, oavsett vad. D\u00e4rf\u00f6r m\u00e5ste ocks\u00e5 Sverige v\u00e4rna och st\u00e4rka den digitala suver\u00e4niteten, precis som vi nu g\u00f6r allt vi kan f\u00f6r att st\u00e4rka f\u00f6rsvaret av v\u00e5r geografiska suver\u00e4nitet. Begreppet digital suver\u00e4nitet \u00e4r inte l\u00e4tt att definiera men det handlar inte om isolering och inte heller om att vi ska \u201dklippa internetbanden till USA\u201d. Det \u00e4r inte m\u00f6jligt och heller inte \u00f6nskv\u00e4rt. Suver\u00e4nitet handlar om valfrihet, sj\u00e4lvbest\u00e4mmande och kontroll.<\/p>\n<p>Sveriges och Europas beroende av amerikanska bolag n\u00e4r det kommer till ber\u00e4kningskapacitet och datalagring \u00e4r problematisk av s\u00e4kerhetssk\u00e4l men ocks\u00e5 av konkurrenssk\u00e4l. I Sverige h\u00e5ller vi v\u00e4rldsklass inom applikationsutveckling med m\u00e5nga snabbv\u00e4xande och framg\u00e5ngsrika bolag. Men vi beh\u00f6ver bygga ett betydligt starkare fundament och f\u00e5 fart p\u00e5 utvecklingen \u00e4ven inom de delar som handlar om infrastruktur och plattformar.<\/p>\n<p>Allt b\u00f6rjar med infrastrukturen. Sverige har i flera avseende ideala f\u00f6ruts\u00e4ttningar f\u00f6r datacenters. Den relativt goda och stabila tillg\u00e5ngen p\u00e5 el \u00e4r en del och tack vare v\u00e5rt kalla klimat har vi anv\u00e4ndning av den v\u00e4rme som alstras. Men vi m\u00e5ste vara smarta och inte l\u00e5ta oss bl\u00e4ndas av att globala j\u00e4ttef\u00f6retag med storstilade planer visar intresse f\u00f6r Sverige.<\/p>\n<p><strong>Kommuner och regioner beh\u00f6ver<\/strong> bygga med f\u00f6retag, partners och modeller som ger oss kontroll, som st\u00e4rker v\u00e5r suver\u00e4nitet. F\u00f6rst och fr\u00e4mst m\u00e5ste vi bygga och kontrollera egna AI-fabriker. De enormt kraftfulla datacenters som fordras f\u00f6r att utveckla och driva avancerade AI-l\u00f6sningar b\u00f6r st\u00e5 p\u00e5 svenskt territorium och kontrolleras av svenska eller europiska f\u00f6retag utom r\u00e4ckh\u00e5ll f\u00f6r US Cloud Act &#8211; n\u00e4r de hanterar k\u00e4nslig information, till exempel h\u00e4lsodata eller bankinformation.<\/p>\n<p>Det finns ett sk\u00e4l till att Riksbanken lagrar sin data p\u00e5 egna servrar i datahallar p\u00e5 svensk mark. Sverige har en stolt historia av innovation och f\u00f6retagsbyggande inom telekom och IT. Sverige har \u00e4ven en unik tradition av n\u00e4ra samarbete mellan politik och n\u00e4ringsliv d\u00e4r politiken s\u00e4tter ramarna och n\u00e4ringslivet st\u00e5r f\u00f6r f\u00f6rflyttningen.<\/p>\n<p>Att underl\u00e4tta och underst\u00f6dja utvecklingen av svensk AI-teknologi m\u00e5ste bli en topprioritering f\u00f6r svenska politiker f\u00f6r att skapa r\u00e4tt f\u00f6ruts\u00e4ttningar f\u00f6r utbyggnaden av AI. Den uppgivenhet som emellan\u00e5t pr\u00e4glar europeisk tech-debatt \u00e4r f\u00f6r\u00f6dande. Loppet \u00e4r inte k\u00f6rt, det \u00e4r fortfarande tidig morgon i AI-racet. Men allt f\u00f6r l\u00e4nge har svenska f\u00f6retag, myndigheter och institutioner l\u00e5tit sig skedmatas av amerikanska molnj\u00e4ttar. Nu \u00e4r det dags att vi l\u00e4r oss \u00e4ta sj\u00e4lva. Med egna bestick.<\/p>\n<p><strong>Thomas Ekman<\/strong><br \/>Medgrundare och styrelseledamot 6GAI Sweden och tidigare bland annat vd f\u00f6r Axel Johnson, Dustin och Tele2 Sverige.<\/p>\n","protected":false},"excerpt":{"rendered":"Idag anv\u00e4nder en \u00f6verv\u00e4ldigande majoritet av svenska f\u00f6retag och institutioner amerikanska molntj\u00e4nster. Tre bolag, Amazon, Microsoft och Google&hellip;\n","protected":false},"author":2,"featured_media":134273,"comment_status":"","ping_status":"","sticky":false,"template":"","format":"standard","meta":{"footnotes":""},"categories":[65],"tags":[72,70,71,34,31,33,32,30],"class_list":{"0":"post-134272","1":"post","2":"type-post","3":"status-publish","4":"format-standard","5":"has-post-thumbnail","7":"category-ekonomi","8":"tag-business","9":"tag-economy","10":"tag-ekonomi","11":"tag-se","12":"tag-svenska","13":"tag-sverige","14":"tag-sweden","15":"tag-swedish"},"share_on_mastodon":{"url":"https:\/\/pubeurope.com\/@se\/115887754588377152","error":""},"_links":{"self":[{"href":"https:\/\/www.europesays.com\/se\/wp-json\/wp\/v2\/posts\/134272","targetHints":{"allow":["GET"]}}],"collection":[{"href":"https:\/\/www.europesays.com\/se\/wp-json\/wp\/v2\/posts"}],"about":[{"href":"https:\/\/www.europesays.com\/se\/wp-json\/wp\/v2\/types\/post"}],"author":[{"embeddable":true,"href":"https:\/\/www.europesays.com\/se\/wp-json\/wp\/v2\/users\/2"}],"replies":[{"embeddable":true,"href":"https:\/\/www.europesays.com\/se\/wp-json\/wp\/v2\/comments?post=134272"}],"version-history":[{"count":0,"href":"https:\/\/www.europesays.com\/se\/wp-json\/wp\/v2\/posts\/134272\/revisions"}],"wp:featuredmedia":[{"embeddable":true,"href":"https:\/\/www.europesays.com\/se\/wp-json\/wp\/v2\/media\/134273"}],"wp:attachment":[{"href":"https:\/\/www.europesays.com\/se\/wp-json\/wp\/v2\/media?parent=134272"}],"wp:term":[{"taxonomy":"category","embeddable":true,"href":"https:\/\/www.europesays.com\/se\/wp-json\/wp\/v2\/categories?post=134272"},{"taxonomy":"post_tag","embeddable":true,"href":"https:\/\/www.europesays.com\/se\/wp-json\/wp\/v2\/tags?post=134272"}],"curies":[{"name":"wp","href":"https:\/\/api.w.org\/{rel}","templated":true}]}}