{"id":134275,"date":"2026-01-13T12:22:08","date_gmt":"2026-01-13T12:22:08","guid":{"rendered":"https:\/\/www.europesays.com\/se\/134275\/"},"modified":"2026-01-13T12:22:08","modified_gmt":"2026-01-13T12:22:08","slug":"for-en-cancerfri-framtid-staten-maste-ta-det-fulla-ansvaret-for-hpv-vaccination-trelleborgs-allehanda","status":"publish","type":"post","link":"https:\/\/www.europesays.com\/se\/134275\/","title":{"rendered":"F\u00f6r en cancerfri framtid \u2013 staten m\u00e5ste ta det fulla ansvaret f\u00f6r HPV-vaccination \u2013 Trelleborgs Allehanda"},"content":{"rendered":"<p>Statistik fr\u00e5n Region Sk\u00e5ne avsl\u00f6jar en oroande sanning: trots att gratis HPV-vaccination erbjudits unga upp till 26 \u00e5r, har kampanjen inte n\u00e5tt sina m\u00e5l, s\u00e4rskilt inte bland unga m\u00e4n.<\/p>\n<p>Detta \u00e4r en opinionstext i Trelleborgs Allehanda.\u00c5sikter som uttrycks \u00e4r skribentens egna.<\/p>\n<p><img loading=\"lazy\" decoding=\"async\" width=\"980\" height=\"551\" class=\"article-image article-image--featured\" alt=\"Vi m\u00e5ste aktivt arbeta f\u00f6r att informera och motivera, inte bara f\u00f6rv\u00e4nta oss att m\u00e4nniskor sj\u00e4lva s\u00f6ker upp erbjudanden, skriver Patrik Holmberg (C) i ett inl\u00e4gg om HPV-vaccination.\" src=\"https:\/\/www.europesays.com\/se\/wp-content\/uploads\/2026\/01\/02a8ffaf-1f37-406f-b593-64c42c8045af.jpeg\"  \/><a class=\"article__lightbox-link\" href=\"https:\/\/static.bonniernews.se\/ba\/02a8ffaf-1f37-406f-b593-64c42c8045af.jpeg?crop=8256%2C4644%2Cx0%2Cy430&amp;width=1400&amp;format=pjpg&amp;auto=avif\" data-pswp-width=\"1400\" data-pswp-height=\"788\" data-pswp-caption=\"Vi m\u00e5ste aktivt arbeta f\u00f6r att informera och motivera, inte bara f\u00f6rv\u00e4nta oss att m\u00e4nniskor sj\u00e4lva s\u00f6ker upp erbjudanden, skriver Patrik Holmberg (C) i ett inl\u00e4gg om HPV-vaccination. Bild: Fredrik Sandberg\/TT\" data-pswp- rel=\"nofollow noopener\" target=\"_blank\">\u00d6ppna bild i helsk\u00e4rmsl\u00e4ge<\/a><\/p>\n<p class=\"txt-style-muted\" aria-hidden=\"true\">Vi m\u00e5ste aktivt arbeta f\u00f6r att informera och motivera, inte bara f\u00f6rv\u00e4nta oss att m\u00e4nniskor sj\u00e4lva s\u00f6ker upp erbjudanden, skriver Patrik Holmberg (C) i ett inl\u00e4gg om HPV-vaccination.<\/p>\n<p class=\"article__figcaption-attribution txt-style-muted\">Bild: Fredrik Sandberg\/TT<\/p>\n<p>Endast 1 500 personer har nappat p\u00e5 erbjudandet, l\u00e5ngt ifr\u00e5n de 34 000 m\u00e4n och 3 000 kvinnor som var m\u00e5let. Detta visar tydligt att det inte r\u00e4cker med att erbjuda en viktig folkh\u00e4lsoinsats \u2013 staten m\u00e5ste ta ett st\u00f6rre och mer samordnat ansvar f\u00f6r att s\u00e4kerst\u00e4lla att den faktiskt n\u00e5r alla.<\/p>\n<p>Centerpartiet har l\u00e4nge varit en stark r\u00f6st f\u00f6r att ut\u00f6ka HPV-vaccinationsprogrammet till att omfatta b\u00e5de flickor och pojkar. V\u00e5rt engagemang grundar sig i vetskapen om att humant papillomvirus inte bara orsakar livmoderhalscancer hos kvinnor, utan \u00e4ven kan leda till andra allvarliga cancerformer hos b\u00e5de m\u00e4n och kvinnor, som exempelvis cancer i svalg och anal\u00f6ppning. Att skydda alla, oavsett k\u00f6n, \u00e4r en fr\u00e5ga om j\u00e4mlik h\u00e4lsa och ett viktigt steg mot att utrota viruset helt.<\/p>\n<p aria-disabled=\"true\" class=\"ad__preamble ad-text txt-style-muted txt-ui txt-ui--strong txt-ui-2\">Annons<\/p>\n<blockquote class=\"article__blockquote\">\n<p class=\"article__blockquote-text txt-headline txt-headline-3\">V\u00e5r vision \u00e4r en framtid d\u00e4r cancer orsakad av HPV \u00e4r ett minne blott. <\/p>\n<\/blockquote>\n<p aria-disabled=\"true\" class=\"ad__preamble ad-text txt-style-muted txt-ui txt-ui--strong txt-ui-2\">Annons<\/p>\n<p>Inkluderandet av pojkar i det allm\u00e4nna vaccinationsprogrammet 2020 var ett v\u00e4lkommet framsteg. Men exemplet fr\u00e5n Sk\u00e5ne visar p\u00e5 en kritisk brist: det saknas en effektiv strategi f\u00f6r att n\u00e5 de \u00e5rskullar som tidigare inte omfattades \u2013 de s\u00e5 kallade catch-up-vaccinationerna. Trots att Region Sk\u00e5ne gjorde en lovv\u00e4rd satsning, \u00e4r resultatet magert. Den l\u00e5ga uppslutningen belyser utmaningarna n\u00e4r regionala initiativ inte fullt ut klarar att hantera komplexiteten i att n\u00e5 ut till breda m\u00e5lgrupper med viktig h\u00e4lsoinformation och g\u00f6ra vaccinationen l\u00e4ttillg\u00e4nglig. Ett kostnadsfritt erbjudande \u00e4r verkningsl\u00f6st om det inte n\u00e5r fram till dem som beh\u00f6ver det.<\/p>\n<p>F\u00f6r Centerpartiet \u00e4r det tydligt att ansvaret f\u00f6r vaccinationsprogrammen m\u00e5ste lyftas till en nationell niv\u00e5. I dag varierar tillg\u00e5ngen till och kostnaden f\u00f6r vaccinationer kraftigt mellan regionerna, vilket skapar oacceptabla h\u00e4lsoklyftor. Genom att samla upphandling, finansiering och distribution under ett nationellt paraply kan vi eliminera dessa regionala skillnader. Det skulle garantera att varje inv\u00e5nare, oavsett bostadsort eller ekonomiska f\u00f6ruts\u00e4ttningar, f\u00e5r samma kostnadsfria tillg\u00e5ng till de vaccin som ing\u00e5r i programmet.<\/p>\n<p>En nationell strategi m\u00e5ste ocks\u00e5 inkludera en centraliserad uppf\u00f6ljning och analys av vaccinationst\u00e4ckningen. Det g\u00f6r det m\u00f6jligt att snabbt identifiera grupper och omr\u00e5den med l\u00e5g t\u00e4ckning \u2013 som unga m\u00e4n i Sk\u00e5ne \u2013 och s\u00e4tta in riktade \u00e5tg\u00e4rder i form av information och upps\u00f6kande verksamhet. Vi m\u00e5ste aktivt arbeta f\u00f6r att informera och motivera, inte bara f\u00f6rv\u00e4nta oss att m\u00e4nniskor sj\u00e4lva s\u00f6ker upp erbjudanden. Att skydda befolkningen mot smittsamma sjukdomar \u00e4r b\u00e5de ett folkh\u00e4lsoverktyg och ett s\u00e4tt att effektivisera v\u00e5rdens resurser.<\/p>\n<p aria-disabled=\"true\" class=\"ad__preamble ad-text txt-style-muted txt-ui txt-ui--strong txt-ui-2\">Annons<\/p>\n<p>V\u00e5r vision \u00e4r en framtid d\u00e4r cancer orsakad av HPV \u00e4r ett minne blott. Detta kr\u00e4ver en proaktiv, j\u00e4mlik och nationellt samordnad politik d\u00e4r staten tar det fulla ansvaret f\u00f6r att alla \u2013 inklusive dem som beh\u00f6ver catch-up-vaccinationer \u2013 f\u00e5r det skydd de f\u00f6rtj\u00e4nar. Det \u00e4r en investering i folkh\u00e4lsan och en tryggare framtid f\u00f6r alla Sveriges inv\u00e5nare.<\/p>\n<p><strong>Patrik Holmberg (C), Trelleborg, ledamot i h\u00e4lso- och sjukv\u00e5rdsn\u00e4mnden<\/strong><\/p>\n","protected":false},"excerpt":{"rendered":"Statistik fr\u00e5n Region Sk\u00e5ne avsl\u00f6jar en oroande sanning: trots att gratis HPV-vaccination erbjudits unga upp till 26 \u00e5r,&hellip;\n","protected":false},"author":2,"featured_media":134276,"comment_status":"","ping_status":"","sticky":false,"template":"","format":"standard","meta":{"footnotes":""},"categories":[69],"tags":[113,112,34,31,33,32,30],"class_list":{"0":"post-134275","1":"post","2":"type-post","3":"status-publish","4":"format-standard","5":"has-post-thumbnail","7":"category-halsa","8":"tag-halsa","9":"tag-health","10":"tag-se","11":"tag-svenska","12":"tag-sverige","13":"tag-sweden","14":"tag-swedish"},"share_on_mastodon":{"url":"https:\/\/pubeurope.com\/@se\/115887770385625641","error":""},"_links":{"self":[{"href":"https:\/\/www.europesays.com\/se\/wp-json\/wp\/v2\/posts\/134275","targetHints":{"allow":["GET"]}}],"collection":[{"href":"https:\/\/www.europesays.com\/se\/wp-json\/wp\/v2\/posts"}],"about":[{"href":"https:\/\/www.europesays.com\/se\/wp-json\/wp\/v2\/types\/post"}],"author":[{"embeddable":true,"href":"https:\/\/www.europesays.com\/se\/wp-json\/wp\/v2\/users\/2"}],"replies":[{"embeddable":true,"href":"https:\/\/www.europesays.com\/se\/wp-json\/wp\/v2\/comments?post=134275"}],"version-history":[{"count":0,"href":"https:\/\/www.europesays.com\/se\/wp-json\/wp\/v2\/posts\/134275\/revisions"}],"wp:featuredmedia":[{"embeddable":true,"href":"https:\/\/www.europesays.com\/se\/wp-json\/wp\/v2\/media\/134276"}],"wp:attachment":[{"href":"https:\/\/www.europesays.com\/se\/wp-json\/wp\/v2\/media?parent=134275"}],"wp:term":[{"taxonomy":"category","embeddable":true,"href":"https:\/\/www.europesays.com\/se\/wp-json\/wp\/v2\/categories?post=134275"},{"taxonomy":"post_tag","embeddable":true,"href":"https:\/\/www.europesays.com\/se\/wp-json\/wp\/v2\/tags?post=134275"}],"curies":[{"name":"wp","href":"https:\/\/api.w.org\/{rel}","templated":true}]}}