{"id":134277,"date":"2026-01-13T12:23:07","date_gmt":"2026-01-13T12:23:07","guid":{"rendered":"https:\/\/www.europesays.com\/se\/134277\/"},"modified":"2026-01-13T12:23:07","modified_gmt":"2026-01-13T12:23:07","slug":"langdlandslaget-till-oberhof-svenska-skidforbundet","status":"publish","type":"post","link":"https:\/\/www.europesays.com\/se\/134277\/","title":{"rendered":"L\u00e4ngdlandslaget till Oberhof | Svenska Skidf\u00f6rbundet"},"content":{"rendered":"<p class=\"normal\">2026 har rivstartat med sp\u00e4nnande Tour de Ski-t\u00e4vlingar i Toblach och Val di Fiemme, och nu forts\u00e4tter v\u00e4rldscupen mot Tyskland och Oberhof. Svenska landslaget har med sig en trupp p\u00e5 16 aktiva, som alla \u00e4r med och g\u00f6r upp om v\u00e4rldscuppo\u00e4ng.<\/p>\n<p class=\"normal\">\u2013 Till Oberhof f\u00e5r vi med en hel del nya namn, d\u00e5 flera av v\u00e5ra etablerade v\u00e4rldscup\u00e5kare st\u00e5r \u00f6ver f\u00f6r att ladda mot OS. Vi har tittat mest p\u00e5 t\u00e4vlingarna i Skandinaviska Cupen men ocks\u00e5 det mest f\u00e4rska, Smart Energy Cup i Falun den g\u00e5ngna helgen, s\u00e4ger landslagschef Anders Bystr\u00f6m.<\/p>\n<p class=\"normal\">Linn Svahn och Jonna Sundling \u00e4r tillbaka p\u00e5 v\u00e4rldscupscenen \u2013 och f\u00e5r s\u00e4llskap av bland andra Calle Halfvarsson som \u00e4r uttagen till helgens distanslopp.<\/p>\n<p class=\"normal\">\u2013 Det ska ska bli sp\u00e4nnande att se dem i v\u00e4rldscupen igen. Det blir samtidigt v\u00e4rldscupdebut i vita dressen f\u00f6r Erik Johansson och Oskar Algotsson, som presterade starkt p\u00e5 fristilssprinten i Skandinaviska Cupen f\u00f6re jul, s\u00e4ger Anders Bystr\u00f6m.<\/p>\n<p class=\"normal\">Det st\u00e5r sprint i fristil, samt 10 kilometer i klassisk stil p\u00e5 schemat.<\/p>\n<p class=\"normal\">\u2013 Det \u00e4r fortfarande n\u00e5gon OS-plats kvar att fylla p\u00e5 herrsidan, s\u00e5 d\u00e4r blir det viktigt med starka resultat om man ska vara med och hugga om att f\u00e5 \u00e5ka till OS, s\u00e4ger Anders Bystr\u00f6m.<\/p>\n<p class=\"normal\">V\u00e4rldscupen i Oberhof p\u00e5g\u00e5r 17\u201318 januari. F\u00f6lj t\u00e4vlingarna i Viaplay Sport.<\/p>\n<p class=\"normal\"><strong>TRUPPEN TILL OBERHOF<\/strong><\/p>\n<p class=\"normal\">SPRINT <br \/>Maja Dahlqvist, Falun-Borl\u00e4nge SK<br \/>Evelina Cr\u00fcsell, Skellefte\u00e5 SK<br \/>Moa Ilar, Falun-Borl\u00e4nge SK<br \/>Moa Lundgren, \u00c5sarna IK<br \/>Jonna Sundling, Pite\u00e5 Elit SK<br \/>Linn Svahn, \u00d6stersunds SK<\/p>\n<p>Oskar Algotsson, \u00c5sarna IK<br \/>Emil Danielsson, H\u00f6gbo GIF<br \/>George Ersson, Falun-Borl\u00e4nge SK<br \/>Johan H\u00e4ggstr\u00f6m, Pite\u00e5 Elit SK<br \/>Erik Johansson, Falun-Borl\u00e4nge SK<br \/>Jesper Persson, \u00c5sarna IK<\/p>\n<p class=\"normal\">10 KM, INTERVALLSTART, KLASSISK STIL<br \/>Maja Dahlqvist, Falun-Borl\u00e4nge SK<br \/>Evelina Cr\u00fcsell, Skellefte\u00e5 SK<br \/>Moa Ilar, Falun-Borl\u00e4nge SK<br \/>Moa Lundgren, \u00c5sarna IK<br \/>Jonna Sundling, Pite\u00e5 Elit SK<br \/>Linn Svahn, \u00d6stersunds SK<\/p>\n<p class=\"normal\">Emil Danielsson, H\u00f6gbo GIF<br \/>Johan Ekberg, IFK Mora SK<br \/>Calle Halfvarsson, S\u00e5gmyra SK<br \/>Johan H\u00e4ggstr\u00f6m, Pite\u00e5 Elit SK<br \/>Leo Johansson, Falun-Borl\u00e4nge SK<br \/>Eric Rosj\u00f6, IFK Mora SK<\/p>\n<p class=\"normal\"><strong>PROGRAM: OBERHOF, 17\u201318 JANUARI<\/strong><\/p>\n<p>L\u00f6rdag, 17 januari<br \/>Sprint, fristil<br \/>13.35: Prolog<br \/>16.05: Finaler<\/p>\n<p class=\"normal\">S\u00f6ndag, 28 januari<br \/>10 km, intervallstart, klassisk stil<br \/>10.45: Herrar<br \/>12.55: Damer<\/p>\n","protected":false},"excerpt":{"rendered":"2026 har rivstartat med sp\u00e4nnande Tour de Ski-t\u00e4vlingar i Toblach och Val di Fiemme, och nu forts\u00e4tter v\u00e4rldscupen&hellip;\n","protected":false},"author":2,"featured_media":134278,"comment_status":"","ping_status":"","sticky":false,"template":"","format":"standard","meta":{"footnotes":""},"categories":[68],"tags":[34,111,110,31,33,32,30],"class_list":{"0":"post-134277","1":"post","2":"type-post","3":"status-publish","4":"format-standard","5":"has-post-thumbnail","7":"category-sport","8":"tag-se","9":"tag-sport","10":"tag-sports","11":"tag-svenska","12":"tag-sverige","13":"tag-sweden","14":"tag-swedish"},"share_on_mastodon":{"url":"https:\/\/pubeurope.com\/@se\/115887774465845078","error":""},"_links":{"self":[{"href":"https:\/\/www.europesays.com\/se\/wp-json\/wp\/v2\/posts\/134277","targetHints":{"allow":["GET"]}}],"collection":[{"href":"https:\/\/www.europesays.com\/se\/wp-json\/wp\/v2\/posts"}],"about":[{"href":"https:\/\/www.europesays.com\/se\/wp-json\/wp\/v2\/types\/post"}],"author":[{"embeddable":true,"href":"https:\/\/www.europesays.com\/se\/wp-json\/wp\/v2\/users\/2"}],"replies":[{"embeddable":true,"href":"https:\/\/www.europesays.com\/se\/wp-json\/wp\/v2\/comments?post=134277"}],"version-history":[{"count":0,"href":"https:\/\/www.europesays.com\/se\/wp-json\/wp\/v2\/posts\/134277\/revisions"}],"wp:featuredmedia":[{"embeddable":true,"href":"https:\/\/www.europesays.com\/se\/wp-json\/wp\/v2\/media\/134278"}],"wp:attachment":[{"href":"https:\/\/www.europesays.com\/se\/wp-json\/wp\/v2\/media?parent=134277"}],"wp:term":[{"taxonomy":"category","embeddable":true,"href":"https:\/\/www.europesays.com\/se\/wp-json\/wp\/v2\/categories?post=134277"},{"taxonomy":"post_tag","embeddable":true,"href":"https:\/\/www.europesays.com\/se\/wp-json\/wp\/v2\/tags?post=134277"}],"curies":[{"name":"wp","href":"https:\/\/api.w.org\/{rel}","templated":true}]}}