{"id":134281,"date":"2026-01-13T12:25:12","date_gmt":"2026-01-13T12:25:12","guid":{"rendered":"https:\/\/www.europesays.com\/se\/134281\/"},"modified":"2026-01-13T12:25:12","modified_gmt":"2026-01-13T12:25:12","slug":"apple-ska-fa-ordning-pa-sin-ai-assistent-siri-tar-hjalp-av-googles-gemini-nyteknik","status":"publish","type":"post","link":"https:\/\/www.europesays.com\/se\/134281\/","title":{"rendered":"Apple ska f\u00e5 ordning p\u00e5 sin AI-assistent Siri \u2013 tar hj\u00e4lp av Googles Gemini &#8211; NyTeknik"},"content":{"rendered":"<ol>\n<li><a href=\"https:\/\/news.google.com\/rss\/articles\/CBMisAFBVV95cUxQM18ya0taU1lpYWdOZmdsNTluOHFwd2NXVFpFNW5GT2JNaXpfUjh5QjhJOG1jSU12ajRCdElnTGVYbkFNVnR5V3pCSDZtaXBrWG5aSnZiQVpZVkVyQ3BWSlJseDg3SzlMSUNxTTZHbHJxME54M3d5SmRXeklOVy1rNHMzYjI4bEF4dzZRNUk2eGl5R09DRkRicEg3eGJEaHhqMndVQU45b1dIa2NrZnRlXw?oc=5\" target=\"_blank\" rel=\"nofollow noopener\">Apple ska f\u00e5 ordning p\u00e5 sin AI-assistent Siri \u2013 tar hj\u00e4lp av Googles Gemini<\/a>&nbsp;&nbsp;NyTeknik<\/li>\n<li><a href=\"https:\/\/news.google.com\/rss\/articles\/CBMilgFBVV95cUxOOWc1T3RLLUQ5ZF9lNXk5TDVISHlkd3hKSndRV09wU0hUZDVsSWwzVXpHM1hGTW5IQjJrQnZpLUdFM3BrQWEwQ3F6ZHZ3WnBVdHZBYnBWazM0RW9ZWTdjNVdQdExRbHJlWmlQNnlqUFA5YUZmLW9qNkpzLTlIQVdzMTdCTVktUjdDVW9uVTgyOWY2UFlxNFE?oc=5\" target=\"_blank\" rel=\"nofollow noopener\">Apple och Google i AI-samarbete: &#8221;Vill ha bredare portf\u00f6lj&#8221;<\/a>&nbsp;&nbsp;DI<\/li>\n<li><a href=\"https:\/\/news.google.com\/rss\/articles\/CBMickFVX3lxTE1WZlpNd1ZPSktzZlBUZG9XYVhNX0ladmZ5REZSRE1tUVExNUFvd0dXLW81QW1ZQlotZ3ZtY0xWWXlDcnBjNGx4NURWcWpULWpkd3hETzZxbDdSTHlPXzNqNHRSdDJWRTZ3RlpwLWN2NGFzUQ?oc=5\" target=\"_blank\" rel=\"nofollow noopener\">Siri + Gemini = Sant<\/a>&nbsp;&nbsp;SvD<\/li>\n<li><a href=\"https:\/\/news.google.com\/rss\/articles\/CBMiggFBVV95cUxObXBQT0YxX3VvSkVMeTRiaDNmdmd3bTl5N1FnZnRmX284M29LNFZyQnlxTllUM3hJTjVLbUNrWG1DdG5wNkdqT0UwaGlxTXFvMHQ1RFFBVmZVSUQtMDRQMmlYR2w1d0N5SGl0SEhsUEhpZW1qUjdZTWJ2UTZZYUhSX1pB?oc=5\" target=\"_blank\" rel=\"nofollow noopener\">Nu tar Apple hj\u00e4lp av Google f\u00f6r att g\u00f6ra AI-assistenten Siri b\u00e4ttre<\/a>&nbsp;&nbsp;Expressen<\/li>\n<li><a href=\"https:\/\/news.google.com\/rss\/articles\/CBMieEFVX3lxTE1TNF9RZXVXaVRGTUJhdzBYa0tiVWhDMEpxZVVMUk5aa1c1U3VfTlBhaEQ5SmM0VTdQSVFEWExUM3BnNjAzUVlCTy1nOUc3bHVEaExWV0d4bkFiX3drM1d0M1hEOUVhOEk2cm9uTUZtbnlxbm1BcDhqOA?oc=5\" target=\"_blank\" rel=\"nofollow noopener\">Musk om samarbetet: Orimlig maktkoncentration<\/a>&nbsp;&nbsp;Omni<\/li>\n<\/ol>\n","protected":false},"excerpt":{"rendered":"Apple ska f\u00e5 ordning p\u00e5 sin AI-assistent Siri \u2013 tar hj\u00e4lp av Googles Gemini&nbsp;&nbsp;NyTeknik Apple och Google i&hellip;\n","protected":false},"author":2,"featured_media":134282,"comment_status":"","ping_status":"","sticky":false,"template":"","format":"standard","meta":{"footnotes":""},"categories":[66],"tags":[80,78,79,34,31,33,32,30,81,84,83,82],"class_list":{"0":"post-134281","1":"post","2":"type-post","3":"status-publish","4":"format-standard","5":"has-post-thumbnail","7":"category-vetenskap-och-teknik","8":"tag-science","9":"tag-science-and-technology","10":"tag-scienceandtechnology","11":"tag-se","12":"tag-svenska","13":"tag-sverige","14":"tag-sweden","15":"tag-swedish","16":"tag-technology","17":"tag-teknik","18":"tag-vetenskap","19":"tag-vetenskapteknik"},"share_on_mastodon":{"url":"https:\/\/pubeurope.com\/@se\/115887782161105651","error":""},"_links":{"self":[{"href":"https:\/\/www.europesays.com\/se\/wp-json\/wp\/v2\/posts\/134281","targetHints":{"allow":["GET"]}}],"collection":[{"href":"https:\/\/www.europesays.com\/se\/wp-json\/wp\/v2\/posts"}],"about":[{"href":"https:\/\/www.europesays.com\/se\/wp-json\/wp\/v2\/types\/post"}],"author":[{"embeddable":true,"href":"https:\/\/www.europesays.com\/se\/wp-json\/wp\/v2\/users\/2"}],"replies":[{"embeddable":true,"href":"https:\/\/www.europesays.com\/se\/wp-json\/wp\/v2\/comments?post=134281"}],"version-history":[{"count":0,"href":"https:\/\/www.europesays.com\/se\/wp-json\/wp\/v2\/posts\/134281\/revisions"}],"wp:featuredmedia":[{"embeddable":true,"href":"https:\/\/www.europesays.com\/se\/wp-json\/wp\/v2\/media\/134282"}],"wp:attachment":[{"href":"https:\/\/www.europesays.com\/se\/wp-json\/wp\/v2\/media?parent=134281"}],"wp:term":[{"taxonomy":"category","embeddable":true,"href":"https:\/\/www.europesays.com\/se\/wp-json\/wp\/v2\/categories?post=134281"},{"taxonomy":"post_tag","embeddable":true,"href":"https:\/\/www.europesays.com\/se\/wp-json\/wp\/v2\/tags?post=134281"}],"curies":[{"name":"wp","href":"https:\/\/api.w.org\/{rel}","templated":true}]}}