{"id":134284,"date":"2026-01-13T12:30:07","date_gmt":"2026-01-13T12:30:07","guid":{"rendered":"https:\/\/www.europesays.com\/se\/134284\/"},"modified":"2026-01-13T12:30:07","modified_gmt":"2026-01-13T12:30:07","slug":"snart-ar-varen-har-senioren","status":"publish","type":"post","link":"https:\/\/www.europesays.com\/se\/134284\/","title":{"rendered":"Snart \u00e4r v\u00e5ren h\u00e4r &#8211; Senioren"},"content":{"rendered":"<p>Nu blir det tryggare att svara p\u00e5 annonser\t\t\t<\/p>\n<p>\u00c4ven om alla kontaktannonser granskas innan de publiceras \u00e4r det inte alltid l\u00e4tt att veta vem som d\u00f6ljer sig bakom en signatur. Nu vill vi att du ska kunna k\u00e4nna dig trygg med att det verkligen \u00e4r seniorer som annonserar.<\/p>\n<p>Alla medlemmar i SPF Seniorerna kommer att f\u00e5 inloggningsuppgifter som g\u00f6r det m\u00f6jligt att l\u00e4gga in kontaktannonser gratis p\u00e5 Senioren.se. Du kommer att hitta uppgifterna p\u00e5 din medlemssida (\u201dMina sidor\u201d som du n\u00e5r genom f\u00f6rbundets sida <a href=\"https:\/\/www.spfseniorerna.se\/inloggningssida\/\" target=\"_blank\" rel=\"noopener nofollow\">spfseniorerna.se<\/a>)<\/p>\n<p>Den nya inloggningen inf\u00f6rs i m\u00e5nadsskiftet januari\/februari 2019. Fram tills dess g\u00e5r det att l\u00e4gga in annonser precis som vanligt.<\/p>\n<p>Alla kommer \u00e4ven i forts\u00e4ttningen att kunna svara p\u00e5 annonser.<\/p>\n<p><a href=\"https:\/\/www.spfseniorerna.se\/bli-medlem\/\" target=\"_blank\" rel=\"noopener nofollow\"><strong>\u00c4r du inte medlem i SPF Seniorerna \u00e4n? H\u00e4r kan du bli medlem.<\/strong><\/a><\/p>\n","protected":false},"excerpt":{"rendered":"Nu blir det tryggare att svara p\u00e5 annonser \u00c4ven om alla kontaktannonser granskas innan de publiceras \u00e4r det&hellip;\n","protected":false},"author":2,"featured_media":7796,"comment_status":"","ping_status":"","sticky":false,"template":"","format":"standard","meta":{"footnotes":""},"categories":[69],"tags":[113,112,34,31,33,32,30],"class_list":{"0":"post-134284","1":"post","2":"type-post","3":"status-publish","4":"format-standard","5":"has-post-thumbnail","7":"category-halsa","8":"tag-halsa","9":"tag-health","10":"tag-se","11":"tag-svenska","12":"tag-sverige","13":"tag-sweden","14":"tag-swedish"},"share_on_mastodon":{"url":"https:\/\/pubeurope.com\/@se\/115887801842620655","error":""},"_links":{"self":[{"href":"https:\/\/www.europesays.com\/se\/wp-json\/wp\/v2\/posts\/134284","targetHints":{"allow":["GET"]}}],"collection":[{"href":"https:\/\/www.europesays.com\/se\/wp-json\/wp\/v2\/posts"}],"about":[{"href":"https:\/\/www.europesays.com\/se\/wp-json\/wp\/v2\/types\/post"}],"author":[{"embeddable":true,"href":"https:\/\/www.europesays.com\/se\/wp-json\/wp\/v2\/users\/2"}],"replies":[{"embeddable":true,"href":"https:\/\/www.europesays.com\/se\/wp-json\/wp\/v2\/comments?post=134284"}],"version-history":[{"count":0,"href":"https:\/\/www.europesays.com\/se\/wp-json\/wp\/v2\/posts\/134284\/revisions"}],"wp:featuredmedia":[{"embeddable":true,"href":"https:\/\/www.europesays.com\/se\/wp-json\/wp\/v2\/media\/7796"}],"wp:attachment":[{"href":"https:\/\/www.europesays.com\/se\/wp-json\/wp\/v2\/media?parent=134284"}],"wp:term":[{"taxonomy":"category","embeddable":true,"href":"https:\/\/www.europesays.com\/se\/wp-json\/wp\/v2\/categories?post=134284"},{"taxonomy":"post_tag","embeddable":true,"href":"https:\/\/www.europesays.com\/se\/wp-json\/wp\/v2\/tags?post=134284"}],"curies":[{"name":"wp","href":"https:\/\/api.w.org\/{rel}","templated":true}]}}