{"id":134287,"date":"2026-01-13T12:32:32","date_gmt":"2026-01-13T12:32:32","guid":{"rendered":"https:\/\/www.europesays.com\/se\/134287\/"},"modified":"2026-01-13T12:32:32","modified_gmt":"2026-01-13T12:32:32","slug":"dermot-clemenger-snart-fri-nast-sista-sexkopet-avskrivet","status":"publish","type":"post","link":"https:\/\/www.europesays.com\/se\/134287\/","title":{"rendered":"Dermot Clemenger snart fri \u2013 n\u00e4st sista sexk\u00f6pet avskrivet"},"content":{"rendered":"<p>Sexk\u00f6p nummer 30 preskriberas.<\/p>\n<p>D\u00e5 \u00e5terst\u00e5r bara ett i \u00e5talet mot \u201dLet&#8217;s dance\u201d-profilen Dermot Clemenger.<\/p>\n<p>Snart g\u00e5r han helt fri.<\/p>\n<p><img loading=\"lazy\"   alt=\"\"\/><\/p>\n<p>Dermot Clemenger blev en stor profil i TV4:s \u201dLet&#8217;s dance\u201d.<\/p>\n<p>Foto: KARIN T\u00d6RNBLOM \/ IBL<\/p>\n<p>\u00d6ppna bild i helsk\u00e4rm<img loading=\"lazy\"   alt=\"\"\/><\/p>\n<p>Clemenger flyr fr\u00e5n Expressen i London.<\/p>\n<p>Foto: Anna-Karin Nilsson<\/p>\n<p>\u00d6ppna bild i helsk\u00e4rm<\/p>\n<p>\u00d6ver 13 m\u00e5nader har g\u00e5tt sedan Dermot Clemenger \u00e5talades f\u00f6r 31 fall av sexk\u00f6p. TV4-profilen erk\u00e4nde i f\u00f6rh\u00f6r alla utom ett. Han hade under 2023 och 2024 \u00e5kt runt p\u00e5 thaimassagesalonger i svenska st\u00e4der och k\u00f6pt sex av mass\u00f6serna.<\/p>\n<p>En kvinna som jobbat p\u00e5 en av salongerna d\u00e4r Clemenger k\u00f6pt sex har sagt i polisf\u00f6rh\u00f6r under en koppleriutredning:<\/p>\n<p>\u201dHon s\u00e4ger att hon inte vill leva ibland, hon har inget hopp och k\u00e4nner att hon inte har n\u00e5gon framtid d\u00e5 hela hennes liv g\u00e5r ut p\u00e5 att utf\u00f6ra de h\u00e4r tj\u00e4nsterna f\u00f6r att sedan kunna betala av skulder. Det \u00e4r hennes liv.\u201d<\/p>\n<p><img loading=\"lazy\"   alt=\"\"\/><\/p>\n<p>Bild fr\u00e5n en av salongerna d\u00e4r Clemenger k\u00f6pt sex.<\/p>\n<p>Foto: Polisen.<\/p>\n<p>\u00d6ppna bild i helsk\u00e4rm<\/p>\n<p>R\u00e4tteg\u00e5ngen var planerad att h\u00e5llas i mars 2025.<\/p>\n<p>Men d\u00e5 Dermot Clemenger inte g\u00e5tt att n\u00e5 f\u00f6r att delges \u00e5talet st\u00e4lldes den in. Och s\u00e5 har det fortsatt.<\/p>\n<p>\u201dIngen vet vem jag \u00e4r. Jag lever livet\u201d, har Clemenger sj\u00e4lv skrivit i en konversation p\u00e5 sociala medier, enligt Expressens uppgifter.<\/p>\n<p>\u201dNu f\u00e5r de delge mig om de kan hitta mig. Jag kommer tillbaka n\u00e4r allt \u00e4r preskriberat. Det \u00e4r min lilla revansch mot systemet.\u201d<\/p>\n<p>D\u00e5 g\u00e5r Clemenger fri<\/p>\n<p>I mars <a href=\"https:\/\/www.expressen.se\/noje\/har-hittar-expressen-dermot-clemenger-da-flyr-han-direkt\/\" rel=\"nofollow noopener\" target=\"_blank\">hittade Expressen Clemenger<\/a> p\u00e5 ett hotell i <a href=\"https:\/\/www.expressen.se\/tagg\/location\/london\/\" class=\"\" rel=\"nofollow noopener\" target=\"_blank\">London<\/a> \u2013 d\u00e5 la han benen p\u00e5 ryggen och flydde. \u00c5klagaren Per Svensson har flera g\u00e5nger bett brittiskt r\u00e4ttsv\u00e4sende om hj\u00e4lp att jaga profilen \u2013 det har inte lyckats.<\/p>\n<p>Samtidigt som Dermot Clemenger varit internationellt efterlyst har sexk\u00f6pen preskriberats ett efter ett. P\u00e5 tisdagen skrivs det n\u00e4st sista, det 30:e, av.<\/p>\n<p>Efter det \u00e5terst\u00e5r bara ett, som preskriberas 25 januari.\u00a0<\/p>\n<p>D\u00e4refter \u00e4r Dermot Clemenger en fri man.<\/p>\n<p>Expressen har s\u00f6kt Dermot Clemengers advokat Magnus Arntell, som inte har n\u00e5gon kommentar.<\/p>\n","protected":false},"excerpt":{"rendered":"Sexk\u00f6p nummer 30 preskriberas. D\u00e5 \u00e5terst\u00e5r bara ett i \u00e5talet mot \u201dLet&#8217;s dance\u201d-profilen Dermot Clemenger. Snart g\u00e5r han&hellip;\n","protected":false},"author":2,"featured_media":134288,"comment_status":"","ping_status":"","sticky":false,"template":"","format":"standard","meta":{"footnotes":""},"categories":[67],"tags":[104,433,13610,34,31,33,32,30,136,105],"class_list":{"0":"post-134287","1":"post","2":"type-post","3":"status-publish","4":"format-standard","5":"has-post-thumbnail","7":"category-underhallning","8":"tag-entertainment","9":"tag-location-london","10":"tag-newsstory-dermot-clemenger-misstanks-for-sexkop","11":"tag-se","12":"tag-svenska","13":"tag-sverige","14":"tag-sweden","15":"tag-swedish","16":"tag-topic-rattegangar-domar","17":"tag-underhallning"},"share_on_mastodon":{"url":"https:\/\/pubeurope.com\/@se\/115887809686550879","error":""},"_links":{"self":[{"href":"https:\/\/www.europesays.com\/se\/wp-json\/wp\/v2\/posts\/134287","targetHints":{"allow":["GET"]}}],"collection":[{"href":"https:\/\/www.europesays.com\/se\/wp-json\/wp\/v2\/posts"}],"about":[{"href":"https:\/\/www.europesays.com\/se\/wp-json\/wp\/v2\/types\/post"}],"author":[{"embeddable":true,"href":"https:\/\/www.europesays.com\/se\/wp-json\/wp\/v2\/users\/2"}],"replies":[{"embeddable":true,"href":"https:\/\/www.europesays.com\/se\/wp-json\/wp\/v2\/comments?post=134287"}],"version-history":[{"count":0,"href":"https:\/\/www.europesays.com\/se\/wp-json\/wp\/v2\/posts\/134287\/revisions"}],"wp:featuredmedia":[{"embeddable":true,"href":"https:\/\/www.europesays.com\/se\/wp-json\/wp\/v2\/media\/134288"}],"wp:attachment":[{"href":"https:\/\/www.europesays.com\/se\/wp-json\/wp\/v2\/media?parent=134287"}],"wp:term":[{"taxonomy":"category","embeddable":true,"href":"https:\/\/www.europesays.com\/se\/wp-json\/wp\/v2\/categories?post=134287"},{"taxonomy":"post_tag","embeddable":true,"href":"https:\/\/www.europesays.com\/se\/wp-json\/wp\/v2\/tags?post=134287"}],"curies":[{"name":"wp","href":"https:\/\/api.w.org\/{rel}","templated":true}]}}