{"id":134296,"date":"2026-01-13T12:39:07","date_gmt":"2026-01-13T12:39:07","guid":{"rendered":"https:\/\/www.europesays.com\/se\/134296\/"},"modified":"2026-01-13T12:39:07","modified_gmt":"2026-01-13T12:39:07","slug":"arvikabordig-paralympier-stoppades-av-covid-2022-far-ny-chans-i-italien","status":"publish","type":"post","link":"https:\/\/www.europesays.com\/se\/134296\/","title":{"rendered":"Arvikab\u00f6rdig paralympier stoppades av covid 2022 \u2013 f\u00e5r ny chans i Italien"},"content":{"rendered":"<p>Sveriges paralympiska kommitt\u00e9 ut\u00f6kar den bl\u00e5gula truppen till Paralympics i Italien, som avg\u00f6rs i mars.<\/p>\n<p>F\u00f6rutom Arnt-Christian Furuberg, som \u00e4r uppvuxen i v\u00e4stra V\u00e4rmland men numera bor i Falun, v\u00e4xer truppen med ytterligare tv\u00e5 l\u00e4ngdskid\u00e5kare i form av Ellen Westerlund och Alice Morelius. Alla tre \u00e4r debutanter.<\/p>\n<p>\u201dDet g\u00f6r mig v\u00e4ldigt glad och stolt att kunna presentera tre debutanter\u00a0in i den svenska truppen.\u00a0Det \u00e4r \u00f6ver 20 \u00e5r sedan vi hade ett\u00a0s\u00e5h\u00e4r\u00a0stort l\u00e4ngdlandslag med p\u00e5 Paralympics vilket bevisar att v\u00e5ra l\u00e5ngsiktiga satsningar b\u00f6rjar ge resultat\u201d, s\u00e4ger den svenska truppchefen Niclas Gr\u00f6n i ett pressmeddelande.<\/p>\n<p>\u00c4ven den alpina skid\u00e5karen Arvid Skoglund, som debuterade 2022, f\u00e5r en biljett. Det f\u00e5r \u00e4ven landslaget i rullstolscurling, som best\u00e5r av Viljo Petersson Dahl (skipper), Kristina Ulander, Ronny Persson, Sabina Johansson och Marcus Holm. Alla utom Holm var med i laget som tog silver i Peking f\u00f6r fyra \u00e5r sedan.<\/p>\n<p>Holm har varit med p\u00e5 sex Paralympics, men d\u00e5 som spelare i paraishockey.<\/p>\n<p>Sedan tidigare \u00e4r Ebba \u00c5rsj\u00f6 (alpint), Aaron Lindstr\u00f6m (alpint) och Zebastian Modin (l\u00e4ngdskidor), med guiden Emil Talsi, uttagna.<\/p>\n<p>Paralympics avg\u00f6rs 6\u201315 mars.<\/p>\n","protected":false},"excerpt":{"rendered":"Sveriges paralympiska kommitt\u00e9 ut\u00f6kar den bl\u00e5gula truppen till Paralympics i Italien, som avg\u00f6rs i mars. F\u00f6rutom Arnt-Christian Furuberg,&hellip;\n","protected":false},"author":2,"featured_media":134297,"comment_status":"","ping_status":"","sticky":false,"template":"","format":"standard","meta":{"footnotes":""},"categories":[68],"tags":[34,111,110,31,33,32,30],"class_list":{"0":"post-134296","1":"post","2":"type-post","3":"status-publish","4":"format-standard","5":"has-post-thumbnail","7":"category-sport","8":"tag-se","9":"tag-sport","10":"tag-sports","11":"tag-svenska","12":"tag-sverige","13":"tag-sweden","14":"tag-swedish"},"share_on_mastodon":{"url":"https:\/\/pubeurope.com\/@se\/115887837165567442","error":""},"_links":{"self":[{"href":"https:\/\/www.europesays.com\/se\/wp-json\/wp\/v2\/posts\/134296","targetHints":{"allow":["GET"]}}],"collection":[{"href":"https:\/\/www.europesays.com\/se\/wp-json\/wp\/v2\/posts"}],"about":[{"href":"https:\/\/www.europesays.com\/se\/wp-json\/wp\/v2\/types\/post"}],"author":[{"embeddable":true,"href":"https:\/\/www.europesays.com\/se\/wp-json\/wp\/v2\/users\/2"}],"replies":[{"embeddable":true,"href":"https:\/\/www.europesays.com\/se\/wp-json\/wp\/v2\/comments?post=134296"}],"version-history":[{"count":0,"href":"https:\/\/www.europesays.com\/se\/wp-json\/wp\/v2\/posts\/134296\/revisions"}],"wp:featuredmedia":[{"embeddable":true,"href":"https:\/\/www.europesays.com\/se\/wp-json\/wp\/v2\/media\/134297"}],"wp:attachment":[{"href":"https:\/\/www.europesays.com\/se\/wp-json\/wp\/v2\/media?parent=134296"}],"wp:term":[{"taxonomy":"category","embeddable":true,"href":"https:\/\/www.europesays.com\/se\/wp-json\/wp\/v2\/categories?post=134296"},{"taxonomy":"post_tag","embeddable":true,"href":"https:\/\/www.europesays.com\/se\/wp-json\/wp\/v2\/tags?post=134296"}],"curies":[{"name":"wp","href":"https:\/\/api.w.org\/{rel}","templated":true}]}}