{"id":134300,"date":"2026-01-13T12:44:07","date_gmt":"2026-01-13T12:44:07","guid":{"rendered":"https:\/\/www.europesays.com\/se\/134300\/"},"modified":"2026-01-13T12:44:07","modified_gmt":"2026-01-13T12:44:07","slug":"halka-och-blotsno-vantar-nar-temperaturen-stiger-smhi-uppmanar-till-forsiktighet","status":"publish","type":"post","link":"https:\/\/www.europesays.com\/se\/134300\/","title":{"rendered":"Halka och bl\u00f6tsn\u00f6 v\u00e4ntar n\u00e4r temperaturen stiger \u2013 SMHI uppmanar till f\u00f6rsiktighet"},"content":{"rendered":"<p>Varningen som g\u00e4ller fr\u00e5n i natt till imorgon f\u00f6rmiddag. Det har varit en period med sn\u00f6 och kyla. Nu visar prognosen plusgrader i s\u00f6dra Sverige fr\u00e5n onsdag, och varningen f\u00f6r J\u00f6nk\u00f6pings l\u00e4n g\u00e4ller fr\u00e5n klockan 02 i natt till p\u00e5 f\u00f6rmiddagen imorgon onsdag.<\/p>\n<p>\u2013 Det \u00e4r mer halka att v\u00e4nta n\u00e4rmsta dygnet, s\u00e4ger Marcus Sj\u00f6stedt, meteorolog p\u00e5 SVT.<\/p>\n<p>Det finns risk f\u00f6r inst\u00e4llda avg\u00e5ngar i kollektivtrafiken och SMHI uppmanar bilister att ta god tid p\u00e5 sig om man ska ut och resa. <\/p>\n<p>Under f\u00f6rmiddagen imorgon v\u00e4ntas regnet \u00f6verg\u00e5 i bl\u00f6tsn\u00f6. <\/p>\n","protected":false},"excerpt":{"rendered":"Varningen som g\u00e4ller fr\u00e5n i natt till imorgon f\u00f6rmiddag. Det har varit en period med sn\u00f6 och kyla.&hellip;\n","protected":false},"author":2,"featured_media":793,"comment_status":"","ping_status":"","sticky":false,"template":"","format":"standard","meta":{"footnotes":""},"categories":[12],"tags":[22,23,26,27,17,21,24,25,28,29,15,16,18,34,31,33,32,30,19,20],"class_list":{"0":"post-134300","1":"post","2":"type-post","3":"status-publish","4":"format-standard","5":"has-post-thumbnail","7":"category-sverige","8":"tag-breaking-news","9":"tag-breakingnews","10":"tag-featured-news","11":"tag-featurednews","12":"tag-headlines","13":"tag-huvudnyheter","14":"tag-latest-news","15":"tag-latestnews","16":"tag-main-news","17":"tag-mainnews","18":"tag-news","19":"tag-nyheter","20":"tag-rubriker","21":"tag-se","22":"tag-svenska","23":"tag-sverige","24":"tag-sweden","25":"tag-swedish","26":"tag-top-stories","27":"tag-topstories"},"share_on_mastodon":{"url":"https:\/\/pubeurope.com\/@se\/115887856874868607","error":""},"_links":{"self":[{"href":"https:\/\/www.europesays.com\/se\/wp-json\/wp\/v2\/posts\/134300","targetHints":{"allow":["GET"]}}],"collection":[{"href":"https:\/\/www.europesays.com\/se\/wp-json\/wp\/v2\/posts"}],"about":[{"href":"https:\/\/www.europesays.com\/se\/wp-json\/wp\/v2\/types\/post"}],"author":[{"embeddable":true,"href":"https:\/\/www.europesays.com\/se\/wp-json\/wp\/v2\/users\/2"}],"replies":[{"embeddable":true,"href":"https:\/\/www.europesays.com\/se\/wp-json\/wp\/v2\/comments?post=134300"}],"version-history":[{"count":0,"href":"https:\/\/www.europesays.com\/se\/wp-json\/wp\/v2\/posts\/134300\/revisions"}],"wp:featuredmedia":[{"embeddable":true,"href":"https:\/\/www.europesays.com\/se\/wp-json\/wp\/v2\/media\/793"}],"wp:attachment":[{"href":"https:\/\/www.europesays.com\/se\/wp-json\/wp\/v2\/media?parent=134300"}],"wp:term":[{"taxonomy":"category","embeddable":true,"href":"https:\/\/www.europesays.com\/se\/wp-json\/wp\/v2\/categories?post=134300"},{"taxonomy":"post_tag","embeddable":true,"href":"https:\/\/www.europesays.com\/se\/wp-json\/wp\/v2\/tags?post=134300"}],"curies":[{"name":"wp","href":"https:\/\/api.w.org\/{rel}","templated":true}]}}