{"id":134301,"date":"2026-01-13T12:45:07","date_gmt":"2026-01-13T12:45:07","guid":{"rendered":"https:\/\/www.europesays.com\/se\/134301\/"},"modified":"2026-01-13T12:45:07","modified_gmt":"2026-01-13T12:45:07","slug":"ett-gemensamt-ansvar-stoppa-inflodet-av-barn-till-kriminalitet","status":"publish","type":"post","link":"https:\/\/www.europesays.com\/se\/134301\/","title":{"rendered":"Ett gemensamt ansvar: stoppa infl\u00f6det av barn till kriminalitet"},"content":{"rendered":"<p class=\"preamble\">&#13;<br \/>\n            De kriminella n\u00e4tverken har tillg\u00e5ng till en till synes outt\u00f6mlig resurs \u2013 barn. F\u00f6rra \u00e5ret misst\u00e4nktes \u00f6ver 127 barn f\u00f6r mord eller mordplaner. En siffra som borde f\u00e5 hela samh\u00e4llet att stanna upp. Det s\u00e4ger rikspolischef Petra Lundh i sitt anf\u00f6rande.&#13;\n        <\/p>\n<p>Rikspolischefen Petra Lundh befinner sig p\u00e5 Folk och f\u00f6rsvars rikskonferens, d\u00e4r hon under tisdagen h\u00f6ll sitt anf\u00f6rande. I talet betonade hon att arbetet mot nyrekrytering \u00e4r helt avg\u00f6rande f\u00f6r att den positiva utvecklingen &#8211; med minskade v\u00e5ldsniv\u00e5er &#8211; ska kunna forts\u00e4tta.<\/p>\n<p>\u2013 Vi \u00e4r framg\u00e5ngsrika i det vi nu g\u00f6r. Men den framg\u00e5ngen visar ocks\u00e5 gr\u00e4nsen f\u00f6r vad vi i polisen ensamma kan \u00e5stadkomma. N\u00e4r vi trycker ner v\u00e5ldet i ena \u00e4nden fylls de kriminella milj\u00f6erna p\u00e5 i den andra. De kriminella n\u00e4tverken har tillg\u00e5ng till en till synes outt\u00f6mlig resurs \u2013 barn, s\u00e4ger Petra Lundh.<\/p>\n<p>I sitt anf\u00f6rande lyfter hon tre avg\u00f6rande punkter f\u00f6r att effektivt motverka nyrekrytering:<\/p>\n<ul>\n<li>Myndigheter, kommuner och skolor beh\u00f6ver fullt ut<b> nyttja m\u00f6jligheterna till informationsdelning<\/b>\u2013 s\u00e4kerst\u00e4ll att information delas snabbt och effektivt.<\/li>\n<li><b>Techbolag m\u00e5ste ta st\u00f6rre ansvar<\/b>\u2013 genom att uppt\u00e4cka och blockera rekryteringskonton i realtid, innan barnen hinner bli m\u00e5l.<\/li>\n<li><b>Hela samh\u00e4llet beh\u00f6ver vara beredda att agera dygnet runt<\/b>\u2013 om ett barn \u00e4r i riskzonen m\u00e5ste insatsen komma samma kv\u00e4ll, samma timme.<\/li>\n<\/ul>\n<p>Polisen startar nu en polisoperation riktad mot nyrekryteringen som, enligt Petra Lundh, ska b\u00e4ras av samma kraft och prioritet som insatserna mot g\u00e4ngv\u00e5ldet.<\/p>\n<p>Syftet med polisoperationen \u00e4r att agera \u00e4n mer samlat, uth\u00e5lligt och kraftfullt mot nyrekryteringen genom att fler agerar tidigare i h\u00e4ndelsekedjan \u00e4n idag.\u00a0<\/p>\n<p>\u2013 Alla \u2013 stat, kommuner, regioner, skola, n\u00e4ringsliv, civilsamh\u00e4lle och f\u00f6r\u00e4ldrar \u2013 beh\u00f6ver ta ansvar och agera tidigare \u00e4n vi g\u00f6r i dag. Inte sen. Inte n\u00e5gon annan. Nu. Och tillsammans. Det \u00e4r f\u00f6rst d\u00e5 vi p\u00e5 riktigt kan stoppa tillfl\u00f6det av nya barn in i kriminalitet, s\u00e4ger rikspolischef Petra Lundh.<\/p>\n<p><a href=\"https:\/\/polisen.se\/contentassets\/c543edc304754cf795932b334507fade\/folk-och-forsvar-rikspolischef-petra-lundhs-anforande.pdf\" class=\"icon-document\" rel=\"nofollow noopener\" target=\"_blank\">H\u00e4r kan du ta del av rikspolischefens anf\u00f6rande i sin helhet (pdf, 157 kB)<\/a><\/p>\n<p>&#13;<br \/>\n                    <strong>&#13;<br \/>\n                        Publicerad&#13;<br \/>\n                    <\/strong>&#13;<br \/>\n                    &#13;<br \/>\n                        13 januari 2026 13.29&#13;<br \/>\n                    &#13;<br \/>\n                    <br \/>&#13;\n            <\/p>\n<p>        &#13;<br \/>\n    &#13;<br \/>\n    &#13;<\/p>\n","protected":false},"excerpt":{"rendered":"&#13; De kriminella n\u00e4tverken har tillg\u00e5ng till en till synes outt\u00f6mlig resurs \u2013 barn. F\u00f6rra \u00e5ret misst\u00e4nktes \u00f6ver&hellip;\n","protected":false},"author":2,"featured_media":54,"comment_status":"","ping_status":"","sticky":false,"template":"","format":"standard","meta":{"footnotes":""},"categories":[5],"tags":[22,23,26,27,17,21,24,25,28,29,15,16,18,34,31,33,32,30,19,20],"class_list":{"0":"post-134301","1":"post","2":"type-post","3":"status-publish","4":"format-standard","5":"has-post-thumbnail","7":"category-rubriker","8":"tag-breaking-news","9":"tag-breakingnews","10":"tag-featured-news","11":"tag-featurednews","12":"tag-headlines","13":"tag-huvudnyheter","14":"tag-latest-news","15":"tag-latestnews","16":"tag-main-news","17":"tag-mainnews","18":"tag-news","19":"tag-nyheter","20":"tag-rubriker","21":"tag-se","22":"tag-svenska","23":"tag-sverige","24":"tag-sweden","25":"tag-swedish","26":"tag-top-stories","27":"tag-topstories"},"share_on_mastodon":{"url":"https:\/\/pubeurope.com\/@se\/115887860756743048","error":""},"_links":{"self":[{"href":"https:\/\/www.europesays.com\/se\/wp-json\/wp\/v2\/posts\/134301","targetHints":{"allow":["GET"]}}],"collection":[{"href":"https:\/\/www.europesays.com\/se\/wp-json\/wp\/v2\/posts"}],"about":[{"href":"https:\/\/www.europesays.com\/se\/wp-json\/wp\/v2\/types\/post"}],"author":[{"embeddable":true,"href":"https:\/\/www.europesays.com\/se\/wp-json\/wp\/v2\/users\/2"}],"replies":[{"embeddable":true,"href":"https:\/\/www.europesays.com\/se\/wp-json\/wp\/v2\/comments?post=134301"}],"version-history":[{"count":0,"href":"https:\/\/www.europesays.com\/se\/wp-json\/wp\/v2\/posts\/134301\/revisions"}],"wp:featuredmedia":[{"embeddable":true,"href":"https:\/\/www.europesays.com\/se\/wp-json\/wp\/v2\/media\/54"}],"wp:attachment":[{"href":"https:\/\/www.europesays.com\/se\/wp-json\/wp\/v2\/media?parent=134301"}],"wp:term":[{"taxonomy":"category","embeddable":true,"href":"https:\/\/www.europesays.com\/se\/wp-json\/wp\/v2\/categories?post=134301"},{"taxonomy":"post_tag","embeddable":true,"href":"https:\/\/www.europesays.com\/se\/wp-json\/wp\/v2\/tags?post=134301"}],"curies":[{"name":"wp","href":"https:\/\/api.w.org\/{rel}","templated":true}]}}