{"id":134310,"date":"2026-01-13T12:52:11","date_gmt":"2026-01-13T12:52:11","guid":{"rendered":"https:\/\/www.europesays.com\/se\/134310\/"},"modified":"2026-01-13T12:52:11","modified_gmt":"2026-01-13T12:52:11","slug":"askan-fran-avfallsforbranningen-laggs-pa-hog","status":"publish","type":"post","link":"https:\/\/www.europesays.com\/se\/134310\/","title":{"rendered":"Askan fr\u00e5n avfallsf\u00f6rbr\u00e4nningen l\u00e4ggs p\u00e5 h\u00f6g"},"content":{"rendered":"<p class=\"is-style-preamble\">Sverige \u00e4r ett av de l\u00e4nder i Europa som br\u00e4nner mest avfall. Det kan verka som att soporna f\u00f6rsvinner i l\u00e5gorna men s\u00e5 \u00e4r det inte. 25\u201330 procent blir till aska som samlas p\u00e5 h\u00f6g.<\/p>\n<p>                        Prenumerera p\u00e5 Extrakts nyhetsbrev!<\/p>\n<p>L\u00e4s mer<\/p>\n<p>H\u00e5ll dig uppdaterad! F\u00e5 kunskapen, id\u00e9erna och de nya l\u00f6sningarna f\u00f6r ett h\u00e5llbart samh\u00e4lle.<\/p>\n<p>\n\tTack f\u00f6r din prenumeration p\u00e5 nyhetsbrevet Extrakt! F\u00f6r att bekr\u00e4fta din prenumeration, v\u00e4nligen klicka p\u00e5 l\u00e4nken som vi har skickat till din e-postadress.<\/p>\n<p class=\"small\">Personuppgifter lagras endast f\u00f6r utskick av Extrakts nyhetsbrev och information kopplat till Extrakts verksamhet. Du kan n\u00e4r som helst s\u00e4ga upp nyhetsbrevet, vilket inneb\u00e4r att du inte l\u00e4ngre kommer att f\u00e5 n\u00e5gra utskick fr\u00e5n oss<\/p>\n<p>\u2013 Hanteringen av askan \u00e4r n\u00e4stan som ett slutf\u00f6rvar, s\u00e4ger Linus Ekman Burgman, forskare vid Link\u00f6pings universitet.<\/p>\n<p>Han tycker att man kan prata om en \u201dask-kris\u201d i Sverige eftersom h\u00f6garna med aska v\u00e4xer \u00e5r f\u00f6r \u00e5r.<\/p>\n<p>Linus Ekman Burgman har just f\u00e5tt finansiering f\u00f6r ett projekt d\u00e4r han ska f\u00f6lja askan och f\u00f6rs\u00f6ka f\u00f6rst\u00e5 varf\u00f6r den inte kommer till nytta.<\/p>\n<p>\u2013 Vi vet att den kan anv\u00e4ndas till exempel f\u00f6r att ers\u00e4tta kalk i cement eller som fyllnadsmassa i v\u00e4gar, men energibolagen har sv\u00e5rt att s\u00e4lja in den. Jag \u00e4r nyfiken p\u00e5 hur de involverade akt\u00f6rerna hanterar fr\u00e5gan om gr\u00e4nsen mellan avfall och resurs.<\/p>\n<p>Som det \u00e4r nu hamnar en stor del av askan fr\u00e5n avfallsf\u00f6rbr\u00e4nningen p\u00e5 soptippar \u2013 eller p\u00e5 en \u00f6 i Norge. Dit transporteras svensk flygaska, allts\u00e5 aska som f\u00e5ngas in fr\u00e5n luften i samband med f\u00f6rbr\u00e4nningen. Den askan klassas som farligt avfall, och deponeras p\u00e5 \u00f6n Lang\u00f8ya i Oslofjorden. Askan som blir kvar p\u00e5 marken efter att soporna har br\u00e4nts klassas inte som farligt avfall, men det <a href=\"https:\/\/fof.se\/artikel\/atervinn-inte-askan-fran-vara-sopor\/\" rel=\"nofollow noopener\" target=\"_blank\">p\u00e5g\u00e5r diskussion kring<\/a> om den \u00e4r l\u00e4mplig att anv\u00e4nda, till exempel i v\u00e4gar, med tanke p\u00e5 risken f\u00f6r f\u00f6roreningar.<a href=\"https:\/\/fof.se\/artikel\/atervinn-inte-askan-fran-vara-sopor\/\" target=\"_blank\" rel=\"noreferrer noopener nofollow\"> <\/a><\/p>\n<p>Linus Ekman Burgman vill med sitt forskningsprojekt unders\u00f6ka hur synen p\u00e5 askan p\u00e5verkar huruvida den kommer till anv\u00e4ndning eller l\u00e4ggs p\u00e5 h\u00f6g. Fokus f\u00f6r projektet \u00e4r inte att svara p\u00e5 om askan b\u00f6r anv\u00e4ndas eller inte, utan att beskriva hur synen p\u00e5 askan p\u00e5verkar vilken hantering som blir m\u00f6jlig.<\/p>\n<p>F\u00f6ljer askans v\u00e4g<\/p>\n<p>Under projektet ska Linus Ekman Burgman f\u00f6lja askan och unders\u00f6ka hur den hanteras och diskuteras i olika sammanhang. Tanken \u00e4r att han ska \u00e5ka med i de lastbilar som fraktar den svenska flygaskan till Norge, och \u00e4ven sitta med vid de m\u00f6ten d\u00e4r energibolagen f\u00f6rs\u00f6ker s\u00e4lja in askan till cementbolag och byggf\u00f6retag.<\/p>\n<p><img loading=\"lazy\" decoding=\"async\" width=\"231\" height=\"300\" src=\"https:\/\/www.europesays.com\/se\/wp-content\/uploads\/2026\/01\/Linus-Ekman-Burgman-231x300.jpg\" alt=\"Linus Ekman Burgman\" class=\"wp-image-43259\" style=\"width:199px;height:auto\"  \/>Linus Ekman Burgman, forskare vid Link\u00f6pings universitet.<\/p>\n<p>Han har tidigare studerat hanteringen av avloppsslam p\u00e5 liknande s\u00e4tt, och tror att det finns mycket att l\u00e4ra av skiftet i synen p\u00e5 slammet.<\/p>\n<p>\u2013 D\u00e4r har det skett en stor f\u00f6r\u00e4ndring och slammet har blivit en resurs inom jordbruket. Omkring 60 procent \u00e5teranv\u00e4nds numera inom jordbruket. Kring millennieskiftet var det bara 5 procent.<\/p>\n<p>Han konstaterar att huruvida vi betraktar n\u00e5got som avfall eller som resurs s\u00e4llan \u00e4r rationellt utan ofta kulturellt \u2013 och just nu \u00e4r avfallsaskan starkt kodad som just avfall.<\/p>\n<p>P\u00e5 energibolagen jobbar man h\u00e5rt f\u00f6r att skapa en annan bild, men det g\u00e5r tr\u00f6gt.<\/p>\n<p>\u2013 Jag har f\u00e5tt ber\u00e4ttat f\u00f6r mig att det absolut inte f\u00e5r finnas minsta lilla sp\u00e5r kvar av m\u00e4nsklig anv\u00e4ndning i askan, d\u00e5 vill ingen ha den. Om det till exempel sticker upp en bit av en gammal tandborste g\u00e5r askan inte att s\u00e4lja f\u00f6r det p\u00e5minner om ett m\u00e4nskligt ursprung, och den kan uppfattas som smutsig.<\/p>\n<p>Han f\u00f6rklarar att det egentligen inte spelar n\u00e5gon som helst roll att det \u00e4r en tandborste i askan, om den till exempel ska anv\u00e4ndas i ett v\u00e4gbygge.<\/p>\n<p>\u2013 Det har ingen betydelse att det ligger en tandborste d\u00e4r n\u00e5gonstans under asfalten.<\/p>\n<p>Kontroversiell export till Norge<\/p>\n<p>Den st\u00f6rsta m\u00e4ngden av avfallsaska utg\u00f6rs av det som blir kvar p\u00e5 marken efter f\u00f6rbr\u00e4nningen, men hanteringen av flygaskan \u00e4r minst lika utmanande, tror Linus Ekman Burgman. Exporten till Norge \u00e4r kontroversiell och har m\u00f6tt protester fr\u00e5n norska milj\u00f6organisationer, som menar att Sverige dumpar skadligt avfall utomlands.<\/p>\n<p>P\u00e5 \u00f6n dit askan skickas har det tidigare brutits kalk. Fr\u00e5n energibolagens sida har man ansett att f\u00f6rvaringen av askan d\u00e4r ska ses som en form av \u00e5terst\u00e4llning av \u00f6ns gamla kalkbrott. Den tolkningen har dock d\u00f6mts ut av Naturv\u00e5rdsverket, som menar att f\u00f6rvaringen av svensk aska p\u00e5 Lang\u00f8ya inte ska ses som \u00e5tervinning utan som deponi.<\/p>\n<p>\u00c4ven n\u00e4r det g\u00e4ller den aska som hanteras h\u00e4r i Sverige uppst\u00e5r ibland en slags gr\u00e5zon mellan \u00e5tervinning och deponi, ber\u00e4ttar Linus Ekman Burgman.<\/p>\n<p>\u2013 Om man till exempel l\u00e4gger p\u00e5 dubbelt s\u00e5 mycket aska vid ett v\u00e4gbygge mot vad som egentligen beh\u00f6vs f\u00f6r konstruktionen \u00e4r det kanske inte \u00e5tervinning egentligen, utan snarare en ny form av deponi?<\/p>\n<p>Sverige sticker ut<\/p>\n<p>\u00c4ven om material\u00e5tervinningen har \u00f6kat \u00e4r vi i Sverige fortfarande ett av de l\u00e4nder i Europa som deponerar st\u00f6rst andel av v\u00e5rt avfall, och askan \u00e4r en viktig orsak.<\/p>\n<p>Att vi br\u00e4nner s\u00e5 mycket av v\u00e5ra sopor kan sp\u00e5ras tillbaka till 1930-talet, och kampen f\u00f6r att utrota det gamla \u201dlort-Sverige\u201d<\/p>\n<p>\u2013 Det v\u00e4xte fram ett starkt modernistiskt ideal om ett rent och rationellt samh\u00e4lle, och d\u00e4r passade f\u00f6rbr\u00e4nning in v\u00e4ldigt bra, s\u00e4ger Linus Ekman Burgman.<\/p>\n<p>Genom sin forskning hoppas han kunna bidra till att mer av askan kan komma till anv\u00e4ndning. Samtidigt ser han att vi ocks\u00e5 beh\u00f6ver s\u00f6ka andra l\u00f6sningar f\u00f6r v\u00e5r konsumtion, s\u00e5 att vi inte producerar s\u00e5 mycket avfall.<\/p>\n<p>\u2013 Att delar av avfallet blir aska beh\u00f6ver kanske inte vara ett problem om vi l\u00e4r oss anv\u00e4nda den, men det \u00e4r ett problem att det blir s\u00e5 mycket aska.<\/p>\n<p>            <a href=\"https:\/\/www.extrakt.se\/medarbetare\/charlie-olofsson\/\" rel=\"nofollow noopener\" target=\"_blank\">Charlie Olofsson<\/a>text<\/p>\n","protected":false},"excerpt":{"rendered":"Sverige \u00e4r ett av de l\u00e4nder i Europa som br\u00e4nner mest avfall. Det kan verka som att soporna&hellip;\n","protected":false},"author":2,"featured_media":134311,"comment_status":"","ping_status":"","sticky":false,"template":"","format":"standard","meta":{"footnotes":""},"categories":[12],"tags":[22,23,26,27,17,21,24,25,28,29,15,16,18,34,31,33,32,30,19,20],"class_list":{"0":"post-134310","1":"post","2":"type-post","3":"status-publish","4":"format-standard","5":"has-post-thumbnail","7":"category-sverige","8":"tag-breaking-news","9":"tag-breakingnews","10":"tag-featured-news","11":"tag-featurednews","12":"tag-headlines","13":"tag-huvudnyheter","14":"tag-latest-news","15":"tag-latestnews","16":"tag-main-news","17":"tag-mainnews","18":"tag-news","19":"tag-nyheter","20":"tag-rubriker","21":"tag-se","22":"tag-svenska","23":"tag-sverige","24":"tag-sweden","25":"tag-swedish","26":"tag-top-stories","27":"tag-topstories"},"share_on_mastodon":{"url":"https:\/\/pubeurope.com\/@se\/115887888553325616","error":""},"_links":{"self":[{"href":"https:\/\/www.europesays.com\/se\/wp-json\/wp\/v2\/posts\/134310","targetHints":{"allow":["GET"]}}],"collection":[{"href":"https:\/\/www.europesays.com\/se\/wp-json\/wp\/v2\/posts"}],"about":[{"href":"https:\/\/www.europesays.com\/se\/wp-json\/wp\/v2\/types\/post"}],"author":[{"embeddable":true,"href":"https:\/\/www.europesays.com\/se\/wp-json\/wp\/v2\/users\/2"}],"replies":[{"embeddable":true,"href":"https:\/\/www.europesays.com\/se\/wp-json\/wp\/v2\/comments?post=134310"}],"version-history":[{"count":0,"href":"https:\/\/www.europesays.com\/se\/wp-json\/wp\/v2\/posts\/134310\/revisions"}],"wp:featuredmedia":[{"embeddable":true,"href":"https:\/\/www.europesays.com\/se\/wp-json\/wp\/v2\/media\/134311"}],"wp:attachment":[{"href":"https:\/\/www.europesays.com\/se\/wp-json\/wp\/v2\/media?parent=134310"}],"wp:term":[{"taxonomy":"category","embeddable":true,"href":"https:\/\/www.europesays.com\/se\/wp-json\/wp\/v2\/categories?post=134310"},{"taxonomy":"post_tag","embeddable":true,"href":"https:\/\/www.europesays.com\/se\/wp-json\/wp\/v2\/tags?post=134310"}],"curies":[{"name":"wp","href":"https:\/\/api.w.org\/{rel}","templated":true}]}}