{"id":134312,"date":"2026-01-13T12:53:10","date_gmt":"2026-01-13T12:53:10","guid":{"rendered":"https:\/\/www.europesays.com\/se\/134312\/"},"modified":"2026-01-13T12:53:10","modified_gmt":"2026-01-13T12:53:10","slug":"kristersson-om-usa-i-venezuela-farlig-vag-att-ga","status":"publish","type":"post","link":"https:\/\/www.europesays.com\/se\/134312\/","title":{"rendered":"Kristersson om USA i Venezuela: \u201dFarlig v\u00e4g att g\u00e5\u201d"},"content":{"rendered":"<p><a data-test-tag=\"internal-link\" href=\"https:\/\/www.aftonbladet.se\/av\/niclas-vent\" class=\"hyperion-css-13ns1rr\" rel=\"nofollow noopener\" target=\"\" aria-label=\"Se alla artiklar av Niclas Vent\"><img decoding=\"async\" class=\"image-asset hyperion-css-n6kkq1\" data-test-tag=\"image-asset\" src=\"https:\/\/www.europesays.com\/se\/wp-content\/uploads\/2026\/01\/1768308788_197_19280f63-8ec5-49a6-9628-edfef534cfd3.png\"  alt=\"\"  loading=\"lazy\" fetchpriority=\"auto\" style=\"aspect-ratio:1900 \/ 1900\"\/><\/a><\/p>\n<p class=\"boxtextgrotesk-root_baa6 hyperion-css-7pajle\">Uppdaterad 13.32 | Publicerad 13.30<\/p>\n<p>share-arrowDela<\/p>\n<p>unsaveSpara<\/p>\n<p>expand-left<\/p>\n<p>helsk\u00e4rm<img decoding=\"async\" class=\"image-asset hyperion-css-uqjbkr\" data-test-tag=\"image-asset\" src=\"https:\/\/www.europesays.com\/se\/wp-content\/uploads\/2026\/01\/45eb01e9-eb2b-456a-a515-834583eb889e.jpeg\"  alt=\"Ulf Kristersson (M) har b\u00e5de gott och ont att s\u00e4ga om Donald Trump.\"  loading=\"eager\" fetchpriority=\"high\" style=\"aspect-ratio:1900 \/ 1267\"\/>Ulf Kristersson (M) har b\u00e5de gott och ont att s\u00e4ga om Donald Trump. Foto: Andreas Bardell<\/p>\n<p class=\"hyperion-css-1shl3oz\" data-test-tag=\"lead-text\">S\u00c4LEN. USA har fel om Gr\u00f6nland \u2013 och det m\u00e5ste Sverige p\u00e5tala.<\/p>\n<p class=\"hyperion-css-1shl3oz\" data-test-tag=\"lead-text\">Samtidigt ska vi inte vara \u201dcowboys\u201d, s\u00e4ger statsminister Ulf Kristersson i en stor intervju om s\u00e4kerhetsl\u00e4get i v\u00e4rlden:<\/p>\n<p class=\"hyperion-css-1shl3oz\" data-test-tag=\"lead-text\">\u2013 Vi g\u00f6r ingenting som inte Danmark vill att vi ska g\u00f6ra.<\/p>\n<p class=\"hyperion-css-1v9qo5x\">Det har g\u00e5tt flera \u00e5r sedan <a data-test-tag=\"internal-link\" href=\"https:\/\/www.aftonbladet.se\/tagg\/ulf-kristersson\" class=\"hyperion-css-15jkft9\" rel=\"nofollow noopener\" target=\"\" aria-label=\"Ulf Kristersson\">Ulf Kristersson<\/a> f\u00f6rst talade om Sveriges s\u00e4kerhetsl\u00e4ge som det allvarligaste sedan andra v\u00e4rldskriget. <\/p>\n<p class=\"hyperion-css-1v9qo5x\">Men fr\u00e5gan \u00e4r om statsministern n\u00e5gonsin kommit till Folk och f\u00f6rsvars rikskonferens i S\u00e4len i en m\u00f6rkare och mer of\u00f6ruts\u00e4gbar situation.<\/p>\n<p class=\"hyperion-css-1v9qo5x\"><strong>Vad \u00e4r din bild av l\u00e4get?<\/strong><\/p>\n<p class=\"hyperion-css-1v9qo5x\"><strong>\u2013 <\/strong>Det \u00e4r en bra, men sv\u00e5r, fr\u00e5ga. N\u00e4r vi ser p\u00e5 det allvarligaste s\u00e5 best\u00e5r det. Det \u00e4r i grund och botten invasionen mot Ukraina, s\u00e4ger Ulf Kristersson.<\/p>\n<p class=\"hyperion-css-1v9qo5x\">\u2013 Det \u00e4ndrade hela f\u00f6rest\u00e4llningen om v\u00e5r kontinent. Och det \u00e4r of\u00f6r\u00e4ndrat allvarligt. Sen p\u00e5 uppsidan: Ukraina har klarat sig i fyra \u00e5r p\u00e5 ett s\u00e4tt som Ryssland inte hade en tanke p\u00e5 att de skulle klara. Men det \u00e4r otroligt tufft f\u00f6r Ukraina just nu. Det har inte f\u00f6renklats nu av den amerikanska administrationen. Det finns vissa ljusglimtar som jag inte v\u00e5gar inteckna riktigt. Vi deltar ju v\u00e4ldigt intensivt sj\u00e4lva i de h\u00e4r fredsdiskussionerna med Ukraina och med USA. Och d\u00e4r \u00e4r USA viktiga. Vad vi \u00e4n tycker om USA i andra fr\u00e5gor, s\u00e5 \u00e4r USA helt avg\u00f6rande f\u00f6r Ukrainas s\u00e4kerhet just nu. <\/p>\n<p class=\"hyperion-css-1v9qo5x\">\u2013 N\u00e4sta stora fr\u00e5ga blir: Blir det en fred med s\u00e4kerhetsgarantier som \u00e4r s\u00e5 uppenbara och tydliga att alla f\u00f6rst\u00e5r att Ryssland inte ens kommer att kunna f\u00f6rs\u00f6ka en g\u00e5ng till? D\u00e5 \u00e4r vi i ett b\u00e4ttre l\u00e4ge. Blir det inte s\u00e5, s\u00e5 f\u00f6rblir vi i ett v\u00e4ldigt sv\u00e5rt l\u00e4ge. <\/p>\n<p class=\"hyperion-css-1v9qo5x\"><strong>Vad \u00e4r ditt budskap till folk d\u00e4r hemma? Hur oroliga ska de vara?<\/strong><\/p>\n<p class=\"hyperion-css-1v9qo5x\">\u2013 Var inte r\u00e4dda, vi \u00e4r f\u00f6rberedda. R\u00e4dsla \u00e4r inget bra. Det hj\u00e4lper inte. Det \u00e4r ingen strategi. <\/p>\n<p class=\"hyperion-css-1v9qo5x\">\u2013 Jag tycker vi \u00e4r f\u00f6rberedda, mentalt extremt f\u00f6rberedda. Vi b\u00f6rjar ocks\u00e5 bli mer f\u00f6rberedda rent fysiskt, med ett starkare f\u00f6rsvar och starkare civilf\u00f6rsvar. Ju mer vi \u00e4r det p\u00e5 riktigt, desto mindre beh\u00f6ver vi oroa oss f\u00f6r det som h\u00e4nder i v\u00e4rlden. Jag f\u00f6rst\u00e5r att m\u00e5nga nu t\u00e4nker p\u00e5 vad som h\u00e4nder i v\u00e4rlden, och det g\u00f6r jag ocks\u00e5. Men det \u00e4r svensk s\u00e4kerhet som det h\u00e4r handlar om. Det \u00e4r Sveriges s\u00e4kerhet som vi \u00e4r ansvariga f\u00f6r. D\u00e5 m\u00e5ste vi kunna ha flera tankar i huvudet samtidigt. Samarbeta med USA n\u00e4r det beh\u00f6vs. Och samtidigt bygga upp det europeiska f\u00f6rsvaret. Och vara kritiska mot USA n\u00e4r de g\u00f6r saker som vi tycker \u00e4r helt felaktiga.<\/p>\n<p class=\"hyperion-css-1v9qo5x\"><strong>Aprop\u00e5 det, bed\u00f6mer du att Donald Trump menar allvar n\u00e4r han s\u00e4ger att han t\u00e4nker ha Gr\u00f6nland, \u201dthe easy way or the hard way\u201d?<\/strong><\/p>\n<p class=\"hyperion-css-1v9qo5x\">\u2013 Jag vill varken gissa eller spekulera, utan vi h\u00f6r vad som s\u00e4gs och vi s\u00e4ger emot. Det \u00e4r det vi kan g\u00f6ra just nu. Det \u00e4r ocks\u00e5 det Danmark vill att vi g\u00f6r. Vi har ju v\u00e4ldigt t\u00e4t kontakt med Danmark. Jag med min danska kollega Mette Frederiksen, och Maria Malmer Stenergard med sin utrikesministerkollega hela tiden. Jag \u00e4r noga med detta, f\u00f6r ibland f\u00e5r vi lite tips \u2013  \u201d\u00c5k till Gr\u00f6nland och s\u00e4tt dit svensk trupp!\u201d \u2013 och s\u00e5d\u00e4r. Vi g\u00f6r ingenting som inte Danmark vill att vi ska g\u00f6ra. De \u00e4r inte betj\u00e4nta av att andra l\u00e4nder \u00e4r cowboys om Gr\u00f6nland. <\/p>\n<p>chevron-leftf\u00f6reg\u00e5ende<\/p>\n<ul class=\"carousel-container-viewport\" style=\"transform:translate3d(0%, 0, 0)\">\n<li class=\"carousel-slide\" style=\"z-index:1;filter:none(1);padding-bottom:66.68421%\"><img decoding=\"async\" class=\"image-asset hyperion-css-psr4ru\" data-test-tag=\"image-asset\" src=\"https:\/\/www.europesays.com\/se\/wp-content\/uploads\/2026\/01\/f783af83-b105-4ea5-9232-f07c5ad52544.jpeg\"  alt=\"\"  fetchpriority=\"auto\" style=\"aspect-ratio:1900 \/ 1267\"\/><\/li>\n<li class=\"carousel-slide\" style=\"filter:none(0.3);padding-bottom:66.68421%\"><img decoding=\"async\" class=\"image-asset hyperion-css-3pciq\" data-test-tag=\"image-asset\" src=\"https:\/\/www.europesays.com\/se\/wp-content\/uploads\/2026\/01\/329ebfb9-1773-4d9b-904b-a170a749a19f.jpeg\"  alt=\"\"  fetchpriority=\"auto\" style=\"aspect-ratio:1900 \/ 1267\"\/><\/li>\n<\/ul>\n<p>expand-left<\/p>\n<p>helsk\u00e4rmchevron-rightn\u00e4staSveriges statsminister Ulf Kristersson<\/p>\n<p>1 \/ 2Foto: Andreas Bardell<\/p>\n<p class=\"hyperion-css-1v9qo5x\"><strong>Det \u00e4r nog f\u00e5 som hade hoppats eller f\u00f6rutsett att vi i b\u00f6rjan av 2026 skulle se den m\u00e4ktigaste medlemmen i v\u00e5r allians hota att ta \u00f6ver territorium fr\u00e5n en annan medlem. \u00c4r det h\u00e4r samma <\/strong><a data-test-tag=\"internal-link\" href=\"https:\/\/www.aftonbladet.se\/tagg\/nato\" class=\"hyperion-css-15jkft9\" rel=\"nofollow noopener\" target=\"\"><strong>Nato<\/strong><\/a><strong> som vi gick med i fortfarande?<\/strong><\/p>\n<p class=\"hyperion-css-1v9qo5x\">\u2013 Nu ska vi vara noga h\u00e4r. Det h\u00e4r \u00e4r USA, det h\u00e4r \u00e4r inte Nato som g\u00f6r detta. Vi har 31 allierade i Nato. N\u00e5gra av de f\u00f6r oss allra viktigaste heter Danmark, Norge, Finland, Estland, Lettland, Litauen, Polen, Tyskland, Storbritannien. De samarbetar vi nog dagligdags med mycket, mycket mer \u00e4n med USA. S\u00e5 ibland t\u00e4nker vi lite fel h\u00e4r. USA \u00e4r viktiga f\u00f6r Nato och de b\u00e4r en alltf\u00f6r stor andel av f\u00f6rsvaret av Europa. S\u00e5 stor att m\u00e5nga presidenter i USA har sagt, fast i v\u00e4nligare ordalag, att det vore bra om ni steppade upp. <\/p>\n<p class=\"hyperion-css-1v9qo5x\"><strong>Kan Nato \u00f6verleva om ett milit\u00e4rt makt\u00f6vertagande p\u00e5 Gr\u00f6nland blir verklighet?<\/strong><\/p>\n<p class=\"hyperion-css-1v9qo5x\">\u2013 Jag t\u00e4nker inte spekulera i s\u00e5dana saker. Det vore n\u00e4stan ansvarsl\u00f6st av mig. Vi tar fr\u00e5gan p\u00e5 allvar och det kan jag garantera att Danmark ocks\u00e5 g\u00f6r. <\/p>\n<p class=\"hyperion-css-1v9qo5x\"><strong>Att USA vill att vi tar ett st\u00f6rre ansvar, det har varit tydligt l\u00e4nge. Men det h\u00e4r ganska \u00f6ppna f\u00f6raktet mot Europa som framkommer i den nationella s\u00e4kerhetsstrategin \u00e4r \u00e4nd\u00e5 en, tolkar jag det som, helt ny sak.<\/strong><\/p>\n<p class=\"hyperion-css-1v9qo5x\">\u2013 Fr\u00e5n vicepresidentens tal i M\u00fcnchen f\u00f6rra \u00e5ret, g\u00e5ng p\u00e5 g\u00e5ng. Sen ska vi s\u00e4ga, f\u00f6r r\u00e4ttvisans skull, det s\u00e4gs ocks\u00e5 m\u00e5nga andra saker p\u00e5 olika m\u00f6ten. Men jag h\u00e5ller med om att det tonfallet, det tonl\u00e4get, den synen p\u00e5 Europa, den tycker vi helt enkelt \u00e4r felaktig. Europa har oerh\u00f6rt m\u00e5nga styrkor och tillg\u00e5ngar som jag tycker att de helt missar att se. Sen har vi ett antal brister. En av dem \u00e4r att vi under l\u00e5ng tid inte har tagit f\u00f6rsvaret av Europa p\u00e5 tillr\u00e4ckligt stort allvar utan tyckt att det n\u00e4stan r\u00e4cker med det amerikanska skyddet. Det har varit en d\u00e5lig id\u00e9 under en l\u00e5ng tid. Det ska vi reparera. <\/p>\n<p class=\"hyperion-css-1v9qo5x\"><strong>Det \u00e4r ju en skillnad p\u00e5 att mellan v\u00e4nner s\u00e4ga \u201ddu borde bli b\u00e4ttre p\u00e5 det h\u00e4r\u201d och att s\u00e4ga att \u201djag hatar allt du st\u00e5r f\u00f6r och vill att du g\u00e5r under\u201d, p\u00e5 n\u00e5got s\u00e4tt.<\/strong><\/p>\n<p class=\"hyperion-css-1v9qo5x\">\u2013 Nej, jag \u00e4r ocks\u00e5 mycket fr\u00e5gande inf\u00f6r den. Sen tror jag att vi ska hedra v\u00e5rt eget s\u00e4tt. Vi uttrycker oss inte p\u00e5 det s\u00e4ttet. Jag tycker inte vi ska b\u00f6rja med det heller. Vi ska v\u00e4rdera s\u00e5dant som vi uppskattar hos andra och tala respektfull klartext d\u00e4r vi inte tycker likadant.<\/p>\n<p class=\"hyperion-css-1v9qo5x\"><strong>Jag noterade att du h\u00e4romdagen kallade r\u00e4den f\u00f6r att tillf\u00e5ngata Maduro f\u00f6r ett folkr\u00e4ttsbrott. Varf\u00f6r var det viktigt att g\u00f6ra den markeringen?<\/strong><\/p>\n<p class=\"hyperion-css-1v9qo5x\">\u2013 I princip har jag sagt samma sak hela tiden. F\u00f6rst \u00e4r det viktigt att konstatera, vilket vi ocks\u00e5 sa direkt, att v\u00e4ldigt f\u00e5 kommer sakna Maduro. Sen \u00e4r det en fara, tycker vi, n\u00e4r man tar sig friheter och skapar intressesf\u00e4rer d\u00e4r man griper in, som om man hade r\u00e4tten att best\u00e4mma \u00f6ver andra l\u00e4nder. <\/p>\n<p class=\"hyperion-css-1v9qo5x\">\u2013 Det \u00e4r en farlig v\u00e4g att g\u00e5 p\u00e5. Det tycker jag vi ska st\u00e5 upp f\u00f6r, att det \u00e4r farligt.<\/p>\n<p class=\"hyperion-css-1v9qo5x\"><strong>Jag v\u00e4ntade i somras p\u00e5 att ni skulle kalla de h\u00e4r, i min v\u00e4rld, minst lika illegala <\/strong><a data-test-tag=\"internal-link\" href=\"https:\/\/www.aftonbladet.se\/nyheter\/a\/mPbkV1\/trump-vi-har-anfallit-iran\" class=\"hyperion-css-15jkft9\" rel=\"nofollow noopener\" target=\"\"><strong>bombningarna av Iran<\/strong><\/a><strong> f\u00f6r folkr\u00e4ttsbrott. Men det h\u00e4nde aldrig. S\u00e5 jag undrar om ni har skiftat ton eller \u00e4r det bara skillnad i fallen?<\/strong><\/p>\n<p class=\"hyperion-css-1v9qo5x\">\u2013 Det finns \u00e4nd\u00e5 ganska m\u00e5nga h\u00e4nsyn att ta. I Iranfr\u00e5gan tycker jag att risken f\u00f6r spridning av k\u00e4rnvapen, det \u00e4r ett hot som \u00e4r s\u00e5 enormt. Vi vet ju inte exakt hur l\u00e5ngt de har kommit, men det finns v\u00e4ldigt samst\u00e4mmiga uppgifter om att de hade l\u00e5ngt g\u00e5ngna planer. <\/p>\n<p class=\"hyperion-css-1v9qo5x\">\u2013 Men som grundprincip \u00e4r folkr\u00e4tten ett bra r\u00e4ttesn\u00f6re. Och som grundprincip s\u00e5 vill vi inte ha en v\u00e4rld d\u00e4r ett antal l\u00e4nder tar sig r\u00e4tten att diktera villkoren i andra l\u00e4nder. <\/p>\n<p class=\"hyperion-css-1v9qo5x\">\u2013 Har man sagt det s\u00e5 vill vi inte heller ha ledare som i Iran. Iran \u00e4r en skurkstat. Bara s\u00e5 vi kommer ih\u00e5g det, det \u00e4r islamistisk diktatur. F\u00e5 l\u00e4nder har f\u00e5tt uppleva det lika mycket i v\u00e5r del av v\u00e4rlden som just Sverige. De kidnappade Johan Floderus. De h\u00e5ller flera personer d\u00e4r, som de f\u00e4llt och hotar med d\u00f6dsstraff. Och de anv\u00e4nder svenska g\u00e4ngkriminella f\u00f6r att utf\u00f6ra v\u00e5ldsbrott i Sverige. S\u00e5 d\u00e4r kan vi inte ha det. <\/p>\n<p>expand-left<\/p>\n<p>helsk\u00e4rm<img decoding=\"async\" class=\"image-asset hyperion-css-1eezish\" data-test-tag=\"image-asset\" src=\"https:\/\/www.europesays.com\/se\/wp-content\/uploads\/2026\/01\/4f548b2d-b96b-4f48-9768-3b5652dd9df3.jpeg\"  alt=\"USA bombade  i somras tre k\u00e4rnanl\u00e4ggningar i Iran.\"  loading=\"eager\" fetchpriority=\"high\" style=\"aspect-ratio:1200 \/ 800\"\/>USA bombade  i somras tre k\u00e4rnanl\u00e4ggningar i Iran. Foto: AP<\/p>\n<p class=\"hyperion-css-1v9qo5x\"><strong>Om vi \u00e5terg\u00e5r till samtalstonen s\u00e5 har ju bland annat Centerpartiet efterlyst en h\u00e5rdare retorik fr\u00e5n regeringens sida vad g\u00e4ller USA. Vad tycker du om det kravet?<\/strong><\/p>\n<p class=\"hyperion-css-1v9qo5x\">\u2013 Jag tycker tv\u00e5 saker. Det ena \u00e4r att vi ska alltid v\u00e4rna svenska intressen. Ibland handlar det om att systematiskt samarbeta, till exempel med USA och andra l\u00e4nder i koalitionen f\u00f6r b\u00e4sta t\u00e4nkbara utfall f\u00f6r Ukraina. D\u00e5 ska vi ha fokus p\u00e5 det. Ibland handlar det om att s\u00e4ga att det \u00e4r Danmark som har r\u00e4tt och USA som har fel n\u00e4r det g\u00e4ller Gr\u00f6nland. D\u00e5 ska man s\u00e4ga det ocks\u00e5. Att allm\u00e4nt symboliskt vifta runt och skrika h\u00f6gst, det \u00e4r en gammal tradition i Sverige som jag inte \u00e4r s\u00e4rskilt f\u00f6rtjust i.<\/p>\n<p>expand-left<\/p>\n<p>helsk\u00e4rm<img decoding=\"async\" class=\"image-asset hyperion-css-1aiyx0q\" data-test-tag=\"image-asset\" src=\"https:\/\/www.europesays.com\/se\/wp-content\/uploads\/2026\/01\/e41a2bba-95f9-4ea8-981a-b6fdba75ed45.jpeg\"  alt=\"Kristersson talade p\u00e5 Folk och F\u00f6rsvar\"  loading=\"eager\" fetchpriority=\"high\" style=\"aspect-ratio:1900 \/ 1267\"\/>Kristersson talade p\u00e5 Folk och F\u00f6rsvar Foto: Andreas Bardell<\/p>\n<p class=\"hyperion-css-1v9qo5x\"><strong>Det \u00e4r mycket grejer som ska g\u00f6ras nu. F\u00f6rutom det stora, f\u00f6rsvaret, s\u00e5 har vi k\u00e4rnkraften, vi har h\u00f6rt att Ebba Busch vill gr\u00e4va efter s\u00e4llsynta jordartsmetaller med st\u00f6rre frenesi och s\u00e5d\u00e4r. Vad ska folk i Sverige vara beredda p\u00e5 att g\u00f6ra f\u00f6r uppoffringar? <\/strong><\/p>\n<p class=\"hyperion-css-1v9qo5x\">\u2013 Ofta kan alla enas om att det \u00e4r viktigt med s\u00e4kerhet och f\u00f6rsvar och kosta vad det kosta vill. Jag \u00e4r den f\u00f6rsta att vara beredd att l\u00e4gga ner enorma resurser p\u00e5 detta. D\u00e5 vill jag bara vara lite retstickan som ocks\u00e5 s\u00e4ger: Det h\u00e4r kostar allts\u00e5 pengar. De miljarder vi nu l\u00e4gger p\u00e5 f\u00f6rsvaret de kan vi inte l\u00e4gga p\u00e5 skolan, p\u00e5 v\u00e4lf\u00e4rden, p\u00e5 kulturen och andra saker. Vill vi ha r\u00e5d att g\u00f6ra allt det som vi tycker \u00e4r viktigt inklusive v\u00e4lf\u00e4rden, gr\u00f6n omst\u00e4llning och att st\u00f6tta Ukraina, d\u00e5 m\u00e5ste det h\u00e4r landet bli rikare, framg\u00e5ngsrikare, ha mer konkurrenskraft och mer tillv\u00e4xt. Och d\u00e4rf\u00f6r kan man inte separera det h\u00e4r. Det \u00e4r j\u00e4ttefint att vi nu \u00e4r \u00f6verens \u00e5tta partier om att spendera flera hundra miljarder kronor. Det vore bra om vi ocks\u00e5 var \u00f6verens om att verkligen tj\u00e4na de pengarna.<\/p>\n<p class=\"hyperion-css-1v9qo5x\"><strong>Jag har sv\u00e5rt att se hur man bara med tillv\u00e4xt skulle kunna t\u00e4cka upp f\u00f6r allt det h\u00e4r som m\u00e5ste g\u00f6ras.<\/strong><\/p>\n<p class=\"hyperion-css-1v9qo5x\">\u2013 Nej, bara ska jag inte s\u00e4ga, men det \u00e4r klart att det \u00e4r en avg\u00f6rande skillnad av Sverige just nu enligt prognoserna har den sj\u00e4tte b\u00e4sta tillv\u00e4xten i EU. Vi var p\u00e5 plats nummer 22, tror jag, n\u00e4r vi tog \u00f6ver. Det s\u00e4ger inte att vi har gjort allting r\u00e4tt. Vi skulle beh\u00f6va komma tillbaka till en riktigt h\u00f6g tillv\u00e4xt, och d\u00e4r \u00e4r vi absolut inte.<\/p>\n<p class=\"hyperion-css-1v9qo5x\">\u2013 Men det \u00e4r ocks\u00e5 s\u00e5 att man m\u00e5ste g\u00f6ra tuffa prioriteringar. <\/p>\n<p class=\"hyperion-css-1v9qo5x\"><strong>Hur ska ni g\u00f6ra det p\u00e5 ett s\u00e4tt som f\u00e5r med alla d\u00e5? Folk m\u00e5ste ju l\u00e5ngsiktigt tycka att det h\u00e4r \u00e4r rimligt.<\/strong><\/p>\n<p class=\"hyperion-css-1v9qo5x\">\u2013 Just nu s\u00e5 tror jag att vi har med oss svenska folket i att bygga upp b\u00e5de civilt f\u00f6rsvar och milit\u00e4rt f\u00f6rsvar. Det \u00e4r en livf\u00f6rs\u00e4kring som man ska betala och som f\u00e5r g\u00e5 f\u00f6re andra utgifter. Sen tror jag ocks\u00e5 de flesta f\u00f6rst\u00e5r att vill vi ha h\u00f6ga ambitioner p\u00e5 m\u00e5nga omr\u00e5den. D\u00e5 m\u00e5ste man ocks\u00e5 ha int\u00e4kter som klarar dem. Det finns inga gratispengar. Man kan l\u00e5na under n\u00e5gra korta \u00e5r. L\u00e5nar man l\u00e4nge d\u00e5 landar man i samma ekonomiska situation som Italien, Frankrike och andra l\u00e4nder. Och d\u00e5 blir man svag p\u00e5 l\u00e5ng sikt. Och d\u00e4r ska vi absolut inte hamna.<\/p>\n<p>chevron-leftf\u00f6reg\u00e5ende<\/p>\n<ul class=\"carousel-container-viewport\" style=\"transform:translate3d(0%, 0, 0)\">\n<li class=\"carousel-slide\" style=\"z-index:1;filter:none(1);padding-bottom:66.47368%\"><img decoding=\"async\" class=\"image-asset hyperion-css-1zmadj\" data-test-tag=\"image-asset\" src=\"https:\/\/www.europesays.com\/se\/wp-content\/uploads\/2026\/01\/e79f4ec9-b43b-4850-aefd-a6dab5bb9032.jpeg\"  alt=\"\"  fetchpriority=\"auto\" style=\"aspect-ratio:1900 \/ 1263\"\/><\/li>\n<li class=\"carousel-slide\" style=\"filter:none(0.3);padding-bottom:66.47368%\"><img decoding=\"async\" class=\"image-asset hyperion-css-u06ts1\" data-test-tag=\"image-asset\" src=\"https:\/\/www.europesays.com\/se\/wp-content\/uploads\/2026\/01\/e884ee38-7432-4d60-86ef-f10e3a58f894.jpeg\"  alt=\"\"  fetchpriority=\"auto\" style=\"aspect-ratio:1436 \/ 180\"\/><\/li>\n<\/ul>\n<p>expand-left<\/p>\n<p>helsk\u00e4rmchevron-rightn\u00e4sta<\/p>\n<p>1 \/ 2Foto: Andreas Bardell<\/p>\n","protected":false},"excerpt":{"rendered":"Uppdaterad 13.32 | Publicerad 13.30 share-arrowDela unsaveSpara expand-left helsk\u00e4rmUlf Kristersson (M) har b\u00e5de gott och ont att s\u00e4ga&hellip;\n","protected":false},"author":2,"featured_media":134313,"comment_status":"","ping_status":"","sticky":false,"template":"","format":"standard","meta":{"footnotes":""},"categories":[5],"tags":[22,23,26,27,17,21,24,25,28,29,15,16,18,34,31,33,32,30,19,20],"class_list":{"0":"post-134312","1":"post","2":"type-post","3":"status-publish","4":"format-standard","5":"has-post-thumbnail","7":"category-rubriker","8":"tag-breaking-news","9":"tag-breakingnews","10":"tag-featured-news","11":"tag-featurednews","12":"tag-headlines","13":"tag-huvudnyheter","14":"tag-latest-news","15":"tag-latestnews","16":"tag-main-news","17":"tag-mainnews","18":"tag-news","19":"tag-nyheter","20":"tag-rubriker","21":"tag-se","22":"tag-svenska","23":"tag-sverige","24":"tag-sweden","25":"tag-swedish","26":"tag-top-stories","27":"tag-topstories"},"share_on_mastodon":{"url":"https:\/\/pubeurope.com\/@se\/115887892295923191","error":""},"_links":{"self":[{"href":"https:\/\/www.europesays.com\/se\/wp-json\/wp\/v2\/posts\/134312","targetHints":{"allow":["GET"]}}],"collection":[{"href":"https:\/\/www.europesays.com\/se\/wp-json\/wp\/v2\/posts"}],"about":[{"href":"https:\/\/www.europesays.com\/se\/wp-json\/wp\/v2\/types\/post"}],"author":[{"embeddable":true,"href":"https:\/\/www.europesays.com\/se\/wp-json\/wp\/v2\/users\/2"}],"replies":[{"embeddable":true,"href":"https:\/\/www.europesays.com\/se\/wp-json\/wp\/v2\/comments?post=134312"}],"version-history":[{"count":0,"href":"https:\/\/www.europesays.com\/se\/wp-json\/wp\/v2\/posts\/134312\/revisions"}],"wp:featuredmedia":[{"embeddable":true,"href":"https:\/\/www.europesays.com\/se\/wp-json\/wp\/v2\/media\/134313"}],"wp:attachment":[{"href":"https:\/\/www.europesays.com\/se\/wp-json\/wp\/v2\/media?parent=134312"}],"wp:term":[{"taxonomy":"category","embeddable":true,"href":"https:\/\/www.europesays.com\/se\/wp-json\/wp\/v2\/categories?post=134312"},{"taxonomy":"post_tag","embeddable":true,"href":"https:\/\/www.europesays.com\/se\/wp-json\/wp\/v2\/tags?post=134312"}],"curies":[{"name":"wp","href":"https:\/\/api.w.org\/{rel}","templated":true}]}}