{"id":134318,"date":"2026-01-13T12:59:11","date_gmt":"2026-01-13T12:59:11","guid":{"rendered":"https:\/\/www.europesays.com\/se\/134318\/"},"modified":"2026-01-13T12:59:11","modified_gmt":"2026-01-13T12:59:11","slug":"efter-kabelbrott-fartyg-eskorteras-fran-finland","status":"publish","type":"post","link":"https:\/\/www.europesays.com\/se\/134318\/","title":{"rendered":"Efter kabelbrott: Fartyg eskorteras fr\u00e5n Finland"},"content":{"rendered":"<p class=\"boxtextgrotesk-root_baa6 hyperion-css-7pajle\">Publicerad 2026-01-12 10.48<\/p>\n<p>share-arrowDela<\/p>\n<p>unsaveSpara<\/p>\n<p>expand-left<\/p>\n<p>helsk\u00e4rm<img decoding=\"async\" class=\"image-asset hyperion-css-u06ts1\" data-test-tag=\"image-asset\" src=\"https:\/\/www.europesays.com\/se\/wp-content\/uploads\/2026\/01\/2b157a68-aba1-4a2e-843b-ab3a49ab2479.jpeg\"  alt=\"Fartyget Fitburg i hamnen i Kyrksl\u00e4tt i Finland den 1 januari.\"  loading=\"eager\" fetchpriority=\"high\" style=\"aspect-ratio:1900 \/ 1267\"\/>Fartyget Fitburg i hamnen i Kyrksl\u00e4tt i Finland den 1 januari. Foto: Roni Rekomaa\/Lehtikuva\/TT<\/p>\n<p class=\"hyperion-css-1shl3oz\" data-test-tag=\"lead-text\">Fartyget Fitburg som i f\u00f6rra veckan beslagtogs av finl\u00e4ndsk polis eskorteras p\u00e5 m\u00e5ndagen ut ur Finland till internationellt vatten, meddelar Centralkriminalpolisen.<\/p>\n<p class=\"hyperion-css-1v9qo5x\">\u201dDen finska och estniska polisen har slutf\u00f6rt sitt arbete ombord p\u00e5 fartyget, och d\u00e4rf\u00f6r kan beslaget h\u00e4vas\u201d, skriver de i ett pressmeddelande.<\/p>\n<p class=\"hyperion-css-1v9qo5x\">En person ur bes\u00e4ttningen har h\u00e4ktats. Andra bes\u00e4ttningsmedlemmar har belagts med resef\u00f6rbud.<\/p>\n<p class=\"hyperion-css-1v9qo5x\">Det var p\u00e5 ny\u00e5rsafton som man uppt\u00e4ckte en skada p\u00e5 en kabel mellan Helsingfors och Tallinn. Skadan intr\u00e4ffade i Estlands ekonomiska zon.<\/p>\n<p class=\"hyperion-css-1v9qo5x\">Det 132 meter l\u00e5nga fraktfartyget var p\u00e5 v\u00e4g fr\u00e5n S:t Petersburg i Ryssland till Haifa i Israel n\u00e4r det stoppades av gr\u00e4nsbevakningen och f\u00f6rdes i hamn i Finland. Fartyget tros ha sl\u00e4pat sitt ankare tiotals kilometer i Finska viken mellan Finland och Estland.<\/p>\n<p class=\"hyperion-css-1v9qo5x\">H\u00e4ndelsen utreds som misst\u00e4nkt grov skadeg\u00f6relse, misst\u00e4nkt f\u00f6rs\u00f6k till grov skadeg\u00f6relse och misst\u00e4nkt grovt st\u00f6rande av post- och teletrafik.<\/p>\n","protected":false},"excerpt":{"rendered":"Publicerad 2026-01-12 10.48 share-arrowDela unsaveSpara expand-left helsk\u00e4rmFartyget Fitburg i hamnen i Kyrksl\u00e4tt i Finland den 1 januari. Foto:&hellip;\n","protected":false},"author":2,"featured_media":134319,"comment_status":"","ping_status":"","sticky":false,"template":"","format":"standard","meta":{"footnotes":""},"categories":[14],"tags":[22,23,26,27,17,21,24,25,28,29,15,16,18,34,31,33,32,30,19,20,51,52,53,54],"class_list":{"0":"post-134318","1":"post","2":"type-post","3":"status-publish","4":"format-standard","5":"has-post-thumbnail","7":"category-varlden","8":"tag-breaking-news","9":"tag-breakingnews","10":"tag-featured-news","11":"tag-featurednews","12":"tag-headlines","13":"tag-huvudnyheter","14":"tag-latest-news","15":"tag-latestnews","16":"tag-main-news","17":"tag-mainnews","18":"tag-news","19":"tag-nyheter","20":"tag-rubriker","21":"tag-se","22":"tag-svenska","23":"tag-sverige","24":"tag-sweden","25":"tag-swedish","26":"tag-top-stories","27":"tag-topstories","28":"tag-varlden","29":"tag-world","30":"tag-world-news","31":"tag-worldnews"},"share_on_mastodon":{"url":"https:\/\/pubeurope.com\/@se\/115887915959369574","error":""},"_links":{"self":[{"href":"https:\/\/www.europesays.com\/se\/wp-json\/wp\/v2\/posts\/134318","targetHints":{"allow":["GET"]}}],"collection":[{"href":"https:\/\/www.europesays.com\/se\/wp-json\/wp\/v2\/posts"}],"about":[{"href":"https:\/\/www.europesays.com\/se\/wp-json\/wp\/v2\/types\/post"}],"author":[{"embeddable":true,"href":"https:\/\/www.europesays.com\/se\/wp-json\/wp\/v2\/users\/2"}],"replies":[{"embeddable":true,"href":"https:\/\/www.europesays.com\/se\/wp-json\/wp\/v2\/comments?post=134318"}],"version-history":[{"count":0,"href":"https:\/\/www.europesays.com\/se\/wp-json\/wp\/v2\/posts\/134318\/revisions"}],"wp:featuredmedia":[{"embeddable":true,"href":"https:\/\/www.europesays.com\/se\/wp-json\/wp\/v2\/media\/134319"}],"wp:attachment":[{"href":"https:\/\/www.europesays.com\/se\/wp-json\/wp\/v2\/media?parent=134318"}],"wp:term":[{"taxonomy":"category","embeddable":true,"href":"https:\/\/www.europesays.com\/se\/wp-json\/wp\/v2\/categories?post=134318"},{"taxonomy":"post_tag","embeddable":true,"href":"https:\/\/www.europesays.com\/se\/wp-json\/wp\/v2\/tags?post=134318"}],"curies":[{"name":"wp","href":"https:\/\/api.w.org\/{rel}","templated":true}]}}