{"id":134320,"date":"2026-01-13T13:00:23","date_gmt":"2026-01-13T13:00:23","guid":{"rendered":"https:\/\/www.europesays.com\/se\/134320\/"},"modified":"2026-01-13T13:00:23","modified_gmt":"2026-01-13T13:00:23","slug":"minskande-organdonationer-skapar-langre-vantetider-i-sverige","status":"publish","type":"post","link":"https:\/\/www.europesays.com\/se\/134320\/","title":{"rendered":"Minskande organdonationer skapar l\u00e4ngre v\u00e4ntetider i Sverige"},"content":{"rendered":"<p class=\"css-176tai e1uki5l82\"><strong>\u2013 Det h\u00e4r \u00e4r <\/strong>en bekymmersam trend. Bristen p\u00e5 organ inneb\u00e4r att patienter riskerar att f\u00e5 v\u00e4nta allt f\u00f6r l\u00e4nge p\u00e5 livr\u00e4ddande transplantationer, och i v\u00e4rsta fall hinner vissa aldrig f\u00e5 den v\u00e5rd de beh\u00f6ver, s\u00e4ger Socialstyrelsens generaldirekt\u00f6r Bj\u00f6rn Eriksson, i ett pressmeddelande.\u00a0<\/p>\n<p class=\"css-176tai e1uki5l82\">I juli 2025 v\u00e4ntade 630 personer p\u00e5 att f\u00e5 en ny njure,\u00a0 en siffra som i januari hade \u00f6kat till 671 personer.\u00a0<\/p>\n<p class=\"css-176tai e1uki5l82\">Minskningen av organdonationer beror bland annat p\u00e5 hur m\u00e5nga personer som avlider p\u00e5 ett s\u00e5dant s\u00e4tt att organdonation \u00e4r m\u00f6jlig, och hur m\u00e5nga som har uttryckt en vilja att donera.\u00a0<\/p>\n<p class=\"css-176tai e1uki5l82\"><strong>Samtidigt genomf\u00f6rdes fler<\/strong> v\u00e4vnadstransplantationer 2025 \u00e4n tidigare \u00e5r. F\u00f6rra \u00e5ret gjordes 826 transplantationer av hornhinnor \u2013 den h\u00f6gsta siffran som hittills noterats i Sverige.<\/p>\n<p class=\"css-176tai e1uki5l82\">\u2013 Det \u00e4r mycket gl\u00e4djande att allt fler kan f\u00e5 tillbaka synen tack vare nya hornhinnor. Det visar vilken skillnad donation kan g\u00f6ra, s\u00e4ger Camilla Olofsson, utredare p\u00e5 Nationellt Donationscentrum vid Socialstyrelsen, i pressmeddelandet.\u00a0<\/p>\n<p class=\"css-176tai e1uki5l82\"><strong>L\u00e4s ocks\u00e5:<\/strong><\/p>\n<p class=\"css-176tai e1uki5l82\"><strong><a href=\"https:\/\/www.dagensmedicin.se\/specialistomraden\/kirurgi\/ny-handlingsplan-for-donation-ska-fa-varden-att-radda-fler\/\" rel=\"nofollow noopener\" target=\"_blank\">Ny handlingsplan f\u00f6r donation ska f\u00e5 v\u00e5rden att r\u00e4dda fler<\/a><\/strong><\/p>\n<p class=\"css-176tai e1uki5l82\"><strong><a href=\"https:\/\/www.dagensmedicin.se\/specialistomraden\/kirurgi\/forsta-njuren-ar-donerad-fran-akutsjukvarden\/\" rel=\"nofollow noopener\" target=\"_blank\">F\u00f6rsta njuren \u00e4r donerad fr\u00e5n akutsjukv\u00e5rden<\/a><\/strong><\/p>\n","protected":false},"excerpt":{"rendered":"\u2013 Det h\u00e4r \u00e4r en bekymmersam trend. Bristen p\u00e5 organ inneb\u00e4r att patienter riskerar att f\u00e5 v\u00e4nta allt&hellip;\n","protected":false},"author":2,"featured_media":134321,"comment_status":"","ping_status":"","sticky":false,"template":"","format":"standard","meta":{"footnotes":""},"categories":[12],"tags":[22,23,26,27,17,21,24,25,28,29,15,16,18,34,31,33,32,30,19,20],"class_list":{"0":"post-134320","1":"post","2":"type-post","3":"status-publish","4":"format-standard","5":"has-post-thumbnail","7":"category-sverige","8":"tag-breaking-news","9":"tag-breakingnews","10":"tag-featured-news","11":"tag-featurednews","12":"tag-headlines","13":"tag-huvudnyheter","14":"tag-latest-news","15":"tag-latestnews","16":"tag-main-news","17":"tag-mainnews","18":"tag-news","19":"tag-nyheter","20":"tag-rubriker","21":"tag-se","22":"tag-svenska","23":"tag-sverige","24":"tag-sweden","25":"tag-swedish","26":"tag-top-stories","27":"tag-topstories"},"share_on_mastodon":{"url":"https:\/\/pubeurope.com\/@se\/115887919805416002","error":""},"_links":{"self":[{"href":"https:\/\/www.europesays.com\/se\/wp-json\/wp\/v2\/posts\/134320","targetHints":{"allow":["GET"]}}],"collection":[{"href":"https:\/\/www.europesays.com\/se\/wp-json\/wp\/v2\/posts"}],"about":[{"href":"https:\/\/www.europesays.com\/se\/wp-json\/wp\/v2\/types\/post"}],"author":[{"embeddable":true,"href":"https:\/\/www.europesays.com\/se\/wp-json\/wp\/v2\/users\/2"}],"replies":[{"embeddable":true,"href":"https:\/\/www.europesays.com\/se\/wp-json\/wp\/v2\/comments?post=134320"}],"version-history":[{"count":0,"href":"https:\/\/www.europesays.com\/se\/wp-json\/wp\/v2\/posts\/134320\/revisions"}],"wp:featuredmedia":[{"embeddable":true,"href":"https:\/\/www.europesays.com\/se\/wp-json\/wp\/v2\/media\/134321"}],"wp:attachment":[{"href":"https:\/\/www.europesays.com\/se\/wp-json\/wp\/v2\/media?parent=134320"}],"wp:term":[{"taxonomy":"category","embeddable":true,"href":"https:\/\/www.europesays.com\/se\/wp-json\/wp\/v2\/categories?post=134320"},{"taxonomy":"post_tag","embeddable":true,"href":"https:\/\/www.europesays.com\/se\/wp-json\/wp\/v2\/tags?post=134320"}],"curies":[{"name":"wp","href":"https:\/\/api.w.org\/{rel}","templated":true}]}}