{"id":134322,"date":"2026-01-13T13:01:11","date_gmt":"2026-01-13T13:01:11","guid":{"rendered":"https:\/\/www.europesays.com\/se\/134322\/"},"modified":"2026-01-13T13:01:11","modified_gmt":"2026-01-13T13:01:11","slug":"skidskyttar-tar-farval-av-bakken-blir-sorgligt","status":"publish","type":"post","link":"https:\/\/www.europesays.com\/se\/134322\/","title":{"rendered":"Skidskyttar tar farv\u00e4l av Bakken: \u201dBlir sorgligt\u201d"},"content":{"rendered":"<p>I\u202fdag begravs skidskytten Sivert Guttorm Bakken i Norde \u00c5l kyrka i norska Lillehammer. M\u00e5nga norska landslags\u00e5kare \u00e4r p\u00e5 plats, rapporterar TT. <\/p>\n<p>\u2013 Det blir sorgligt, men det \u00e4r ocks\u00e5 bra att f\u00e5 minnas Sivert och s\u00e4ga adj\u00f6, s\u00e4ger Sturla Holm L\u00e6greid till norska TV2.<\/p>\n<p>Samtidigt som begravningen sker en minnesstund i tyska Ruhpolding, s\u00e5 att deltagare i veckans kommande v\u00e4rldscupt\u00e4vlingar kan vara med. <\/p>\n<p>Bakken hittades d\u00f6d dagen innan julafton under ett landslagsl\u00e4ger i Italien. D\u00f6dsorsaken \u00e4r \u00e4nnu oklar.<\/p>\n<p>Omni \u00e4r politiskt obundna och oberoende. Vi str\u00e4var efter att ge fler perspektiv p\u00e5 nyheterna. Har du fr\u00e5gor eller synpunkter kring v\u00e5r rapportering? <a href=\"https:\/\/omni.se\/skidskyttar-tar-farval-av-bakken-blir-sorgligt\/a\/mailto:redaktion@omni.se\" class=\"ArticleActions_contactLink__W2F1M\" rel=\"nofollow noopener\" target=\"_blank\">Kontakta redaktionen<\/a><\/p>\n","protected":false},"excerpt":{"rendered":"I\u202fdag begravs skidskytten Sivert Guttorm Bakken i Norde \u00c5l kyrka i norska Lillehammer. M\u00e5nga norska landslags\u00e5kare \u00e4r p\u00e5&hellip;\n","protected":false},"author":2,"featured_media":134323,"comment_status":"","ping_status":"","sticky":false,"template":"","format":"standard","meta":{"footnotes":""},"categories":[5],"tags":[22,23,26,27,17,21,24,25,28,29,15,16,18,34,13284,3420,31,33,32,30,19,20],"class_list":{"0":"post-134322","1":"post","2":"type-post","3":"status-publish","4":"format-standard","5":"has-post-thumbnail","7":"category-rubriker","8":"tag-breaking-news","9":"tag-breakingnews","10":"tag-featured-news","11":"tag-featurednews","12":"tag-headlines","13":"tag-huvudnyheter","14":"tag-latest-news","15":"tag-latestnews","16":"tag-main-news","17":"tag-mainnews","18":"tag-news","19":"tag-nyheter","20":"tag-rubriker","21":"tag-se","22":"tag-sivert-guttorm-bakken","23":"tag-skidskytte","24":"tag-svenska","25":"tag-sverige","26":"tag-sweden","27":"tag-swedish","28":"tag-top-stories","29":"tag-topstories"},"share_on_mastodon":{"url":"https:\/\/pubeurope.com\/@se\/115887923675238718","error":""},"_links":{"self":[{"href":"https:\/\/www.europesays.com\/se\/wp-json\/wp\/v2\/posts\/134322","targetHints":{"allow":["GET"]}}],"collection":[{"href":"https:\/\/www.europesays.com\/se\/wp-json\/wp\/v2\/posts"}],"about":[{"href":"https:\/\/www.europesays.com\/se\/wp-json\/wp\/v2\/types\/post"}],"author":[{"embeddable":true,"href":"https:\/\/www.europesays.com\/se\/wp-json\/wp\/v2\/users\/2"}],"replies":[{"embeddable":true,"href":"https:\/\/www.europesays.com\/se\/wp-json\/wp\/v2\/comments?post=134322"}],"version-history":[{"count":0,"href":"https:\/\/www.europesays.com\/se\/wp-json\/wp\/v2\/posts\/134322\/revisions"}],"wp:featuredmedia":[{"embeddable":true,"href":"https:\/\/www.europesays.com\/se\/wp-json\/wp\/v2\/media\/134323"}],"wp:attachment":[{"href":"https:\/\/www.europesays.com\/se\/wp-json\/wp\/v2\/media?parent=134322"}],"wp:term":[{"taxonomy":"category","embeddable":true,"href":"https:\/\/www.europesays.com\/se\/wp-json\/wp\/v2\/categories?post=134322"},{"taxonomy":"post_tag","embeddable":true,"href":"https:\/\/www.europesays.com\/se\/wp-json\/wp\/v2\/tags?post=134322"}],"curies":[{"name":"wp","href":"https:\/\/api.w.org\/{rel}","templated":true}]}}