{"id":134326,"date":"2026-01-13T13:05:07","date_gmt":"2026-01-13T13:05:07","guid":{"rendered":"https:\/\/www.europesays.com\/se\/134326\/"},"modified":"2026-01-13T13:05:07","modified_gmt":"2026-01-13T13:05:07","slug":"hexis-lanserar-ny-skarprogramvara","status":"publish","type":"post","link":"https:\/\/www.europesays.com\/se\/134326\/","title":{"rendered":"Hexis lanserar ny sk\u00e4rprogramvara"},"content":{"rendered":"<p>\t\t\t\t\t<img fetchpriority=\"high\" decoding=\"async\" class=\"wp-image-244854 size-full\" src=\"https:\/\/www.europesays.com\/se\/wp-content\/uploads\/2026\/01\/DSC_2421.jpg\" alt=\"\" width=\"1600\" height=\"1067\"  \/>Nu lanseras sk\u00e4rprogramvaran Hexis Precut Lab.<\/p>\n<p><strong>Hexis kommer med en ny sk\u00e4rprogramvara f\u00f6r PPF-film: Hexis Precut Lab. Visionen \u00e4r ett verktyg utvecklat av mont\u00f6rer \u2013 f\u00f6r mont\u00f6rer.<\/strong><\/p>\n<p>Under de senaste tre \u00e5ren har Hexis erbjudit programvaran Matmak. Nu inleds ett nytt kapitel n\u00e4r Hexis sl\u00e4pper sin nya egenutvecklade precut-teknologi Hexis Precut Lab.<\/p>\n<p>Den kommer med ett omarbetat gr\u00e4nssnitt och f\u00f6rb\u00e4ttrad prestanda. Programmet har \u00e4ven \u00f6ver 26 400 fordonskit fr\u00e5n 92 bilm\u00e4rken. Nu finns \u00e4ven tillg\u00e5ng till sk\u00e4rmallar f\u00f6r BF Shield vindruteskydd och Skytint, sol- och interi\u00f6rskyddsfilmer.<\/p>\n<p>\u00a0<\/p>\n<p>\u00a0<\/p>\n","protected":false},"excerpt":{"rendered":"Nu lanseras sk\u00e4rprogramvaran Hexis Precut Lab. Hexis kommer med en ny sk\u00e4rprogramvara f\u00f6r PPF-film: Hexis Precut Lab. Visionen&hellip;\n","protected":false},"author":2,"featured_media":134327,"comment_status":"","ping_status":"","sticky":false,"template":"","format":"standard","meta":{"footnotes":""},"categories":[66],"tags":[13611,13612,80,78,79,34,31,33,32,30,81,84,83,82],"class_list":{"0":"post-134326","1":"post","2":"type-post","3":"status-publish","4":"format-standard","5":"has-post-thumbnail","7":"category-vetenskap-och-teknik","8":"tag-hexis","9":"tag-hexis-precut-lab","10":"tag-science","11":"tag-science-and-technology","12":"tag-scienceandtechnology","13":"tag-se","14":"tag-svenska","15":"tag-sverige","16":"tag-sweden","17":"tag-swedish","18":"tag-technology","19":"tag-teknik","20":"tag-vetenskap","21":"tag-vetenskapteknik"},"share_on_mastodon":{"url":"https:\/\/pubeurope.com\/@se\/115887939557153938","error":""},"_links":{"self":[{"href":"https:\/\/www.europesays.com\/se\/wp-json\/wp\/v2\/posts\/134326","targetHints":{"allow":["GET"]}}],"collection":[{"href":"https:\/\/www.europesays.com\/se\/wp-json\/wp\/v2\/posts"}],"about":[{"href":"https:\/\/www.europesays.com\/se\/wp-json\/wp\/v2\/types\/post"}],"author":[{"embeddable":true,"href":"https:\/\/www.europesays.com\/se\/wp-json\/wp\/v2\/users\/2"}],"replies":[{"embeddable":true,"href":"https:\/\/www.europesays.com\/se\/wp-json\/wp\/v2\/comments?post=134326"}],"version-history":[{"count":0,"href":"https:\/\/www.europesays.com\/se\/wp-json\/wp\/v2\/posts\/134326\/revisions"}],"wp:featuredmedia":[{"embeddable":true,"href":"https:\/\/www.europesays.com\/se\/wp-json\/wp\/v2\/media\/134327"}],"wp:attachment":[{"href":"https:\/\/www.europesays.com\/se\/wp-json\/wp\/v2\/media?parent=134326"}],"wp:term":[{"taxonomy":"category","embeddable":true,"href":"https:\/\/www.europesays.com\/se\/wp-json\/wp\/v2\/categories?post=134326"},{"taxonomy":"post_tag","embeddable":true,"href":"https:\/\/www.europesays.com\/se\/wp-json\/wp\/v2\/tags?post=134326"}],"curies":[{"name":"wp","href":"https:\/\/api.w.org\/{rel}","templated":true}]}}