{"id":134339,"date":"2026-01-13T13:19:13","date_gmt":"2026-01-13T13:19:13","guid":{"rendered":"https:\/\/www.europesays.com\/se\/134339\/"},"modified":"2026-01-13T13:19:13","modified_gmt":"2026-01-13T13:19:13","slug":"langdlandslaget-till-oberhof-svenska-skidforbundet-2","status":"publish","type":"post","link":"https:\/\/www.europesays.com\/se\/134339\/","title":{"rendered":"L\u00e4ngdlandslaget till Oberhof | Svenska Skidf\u00f6rbundet"},"content":{"rendered":"<p>\n          Pressmeddelande &#8211;<br \/>\n13 Januari 2026 13:00<\/p>\n<p>    Dela<\/p>\n<p>\n          L\u00e4nk kopierad!\n        <\/p>\n<p>          <a class=\"ghost-btn-with-icon svg-stroke\" rel=\"nofollow noopener\" aria-label=\"Ladda ned som PDF\" href=\"https:\/\/www.mynewsdesk.com\/se\/svenska_skidforbundet\/pressreleases\/laengdlandslaget-till-oberhof-3425792.pdf\" target=\"_blank\"><\/p>\n<p>            Ladda ner<br \/>\n<\/a>      <\/p>\n<p><strong>Efter ett kort uppeh\u00e5ll efter Tour de Ski har det blivit dags f\u00f6r v\u00e4rldseliten att samlas i tyska Oberhof, f\u00f6r att g\u00f6ra upp om v\u00e4rldscuppo\u00e4ng och sista OS-platserna. Nu presenteras truppen som kommer representera Sverige under helgens t\u00e4vlingar<\/strong>.<\/p>\n<p>2026 har rivstartat med sp\u00e4nnande Tour de Ski-t\u00e4vlingar i Toblach och Val di Fiemme, och nu forts\u00e4tter v\u00e4rldscupen mot Tyskland och Oberhof. Svenska landslaget har med sig en trupp p\u00e5 16 aktiva, som alla \u00e4r med och g\u00f6r upp om v\u00e4rldscuppo\u00e4ng.<\/p>\n<p>\u2013 Till Oberhof f\u00e5r vi med en hel del nya namn, d\u00e5 flera av v\u00e5ra etablerade v\u00e4rldscup\u00e5kare st\u00e5r \u00f6ver f\u00f6r att ladda mot OS. Vi har tittat mest p\u00e5 t\u00e4vlingarna i Skandinaviska Cupen men ocks\u00e5 det mest f\u00e4rska, Smart Energy Cup i Falun den g\u00e5ngna helgen, s\u00e4ger landslagschef Anders Bystr\u00f6m.<\/p>\n<p>Linn Svahn och Jonna Sundling \u00e4r tillbaka p\u00e5 v\u00e4rldscupsscenen \u2013 och f\u00e5r s\u00e4llskap av bland andra Calle Halfvarsson som \u00e4r uttagen till helgens distanslopp.<\/p>\n<p>\u2013 Det ska ska bli sp\u00e4nnande att se dem i v\u00e4rldscupen igen. Det blir samtidigt debut i vita dressen f\u00f6r Erik Johansson och Oskar Algotsson, som presterade starkt p\u00e5 fristilssprinten i Skandinaviska Cupen f\u00f6re jul, s\u00e4ger Anders Bystr\u00f6m.<\/p>\n<p>Det st\u00e5r sprint i fristil, samt 10 kilometer i klassisk stil p\u00e5 schemat.<\/p>\n<p>\u2013 Det \u00e4r fortfarande n\u00e5gon OS-plats kvar att fylla p\u00e5 herrsidan, s\u00e5 d\u00e4r blir det viktigt med starka resultat om man ska vara med och hugga om att f\u00e5 \u00e5ka till OS, s\u00e4ger Anders Bystr\u00f6m.<\/p>\n<p>V\u00e4rldscupen i Oberhof p\u00e5g\u00e5r 17\u201318 januari. F\u00f6lj t\u00e4vlingarna i Viaplay Sport.<\/p>\n<p><strong>TRUPPEN TILL OBERHOF<\/strong><\/p>\n<p><strong\/>SPRINT<br \/>Maja Dahlqvist, Falun-Borl\u00e4nge SK<br \/>Evelina Cr\u00fcsell, Skellefte\u00e5 SK<br \/>Moa Ilar, Falun-Borl\u00e4nge SK<br \/>Moa Lundgren, \u00c5sarna IK<br \/>Jonna Sundling, Pite\u00e5 Elit SK<br \/>Linn Svahn, \u00d6stersunds SK<\/p>\n<p>Oskar Algotsson, \u00c5sarna IK<br \/>Emil Danielsson, H\u00f6gbo GIF<br \/>George Ersson, Falun-Borl\u00e4nge SK<br \/>Johan H\u00e4ggstr\u00f6m, Pite\u00e5 Elit SK<br \/>Erik Johansson, Falun-Borl\u00e4nge SK<br \/>Jesper Persson, \u00c5sarna IK<\/p>\n<p>10 KM, INTERVALLSTART, KLASSISK STIL<br \/>Maja Dahlqvist, Falun-Borl\u00e4nge SK<br \/>Evelina Cr\u00fcsell, Skellefte\u00e5 SK<br \/>Moa Ilar, Falun-Borl\u00e4nge SK<br \/>Moa Lundgren, \u00c5sarna IK<br \/>Jonna Sundling, Pite\u00e5 Elit SK<br \/>Linn Svahn, \u00d6stersunds SK<\/p>\n<p>Emil Danielsson, H\u00f6gbo GIF<br \/>Johan Ekberg, IFK Mora SK<br \/>Calle Halfvarsson, S\u00e5gmyra SK<br \/>Johan H\u00e4ggstr\u00f6m, Pite\u00e5 Elit SK<br \/>Leo Johansson, Falun-Borl\u00e4nge SK<br \/>Eric Rosj\u00f6, IFK Mora SK<\/p>\n<p><strong>PRESSTR\u00c4FF OBERHOF<br \/><\/strong>Varmt v\u00e4lkomna p\u00e5 presstr\u00e4ff med den svenska truppen i samband med v\u00e4rldscupt\u00e4vlingarna i Oberhof. V\u00e4nligen observera att anm\u00e4lan kr\u00e4vs f\u00f6r att delta.<\/p>\n<p>Datum: 16 januari, fredag<\/p>\n<p>Tid: 17.30<\/p>\n<p>Plats: AHORN Panorama Hotel Oberhof<br \/>Adress: Theo-Neubauer-Stra\u00dfe 29, Oberhof<\/p>\n<p>Presstr\u00e4ffen \u00e4r utomhus.<\/p>\n<p>Tid och plats kan komma att justeras, och meddelas till anm\u00e4lda via WhatsApp. <\/p>\n<p><strong><br \/>Anm\u00e4lan:<\/strong> Mejla er anm\u00e4lan till astri.lindback@skidor.com. Meddela \u00e4ven vilka aktiva ni \u00f6nskar intervjua i prioriterad ordning. Er anm\u00e4lan ska senast vara oss tillhanda p\u00e5 onsdag 14 januari, klockan 17.00.<\/p>\n<p>Munskydd och avst\u00e5nd<strong>:<\/strong> Vi forts\u00e4tter att vara f\u00f6rsiktiga f\u00f6r att undvika smitta. Presstr\u00e4ffen \u00e4r utomhus och vi ber er vara noggranna med avst\u00e5nd och handtv\u00e4tt. Munskydd utomhus beh\u00f6vs inte f\u00f6r media eller aktiva OM vi alla \u00e4r noggranna att h\u00e5lla avst\u00e5nd. Beh\u00f6ver ni arbeta n\u00e4ra \u00e4n s\u00e5 ber vi er att ha munskydd p\u00e5. V\u00e4nligen delta inte p\u00e5 v\u00e5ra presstr\u00e4ffar om ni har symtom som till exempel f\u00f6rkylning, halsont eller feber. <\/p>\n<p><strong>PRESSKONTAKT OBERHOF<br \/><\/strong>Johan Linnaeus<br \/>Telefon\/WhatsApp: +46 70 090 78 74<br \/>E-post: johan.linnaeus@skidor.com<\/p>\n<p><strong>WHATSAPP F\u00d6R MEDIA P\u00c5 PLATS<br \/><\/strong>Media p\u00e5 plats f\u00e5r tillg\u00e5ng till uppdateringar, praktisk information mm via egen Oberhof-chatt i WhatsApp. V\u00e4nligen kontakta Astri Lindb\u00e4ck eller Johan Linnaeus f\u00f6r att bli tillagd.<\/p>\n<p><strong><br \/>PROGRAM: OBERHOF<\/strong><\/p>\n<p><strong\/>L\u00f6rdag, 17 januari<br \/>Sprint, fristil<br \/>13.35: Prolog<br \/>16.05: Finaler<\/p>\n<p>S\u00f6ndag, 28 januari<br \/>10 km, intervallstart, klassisk stil<br \/>10.45: Herrar<br \/>12.55: Damer<\/p>\n","protected":false},"excerpt":{"rendered":"Pressmeddelande &#8211; 13 Januari 2026 13:00 Dela L\u00e4nk kopierad! Ladda ner Efter ett kort uppeh\u00e5ll efter Tour de&hellip;\n","protected":false},"author":2,"featured_media":134340,"comment_status":"","ping_status":"","sticky":false,"template":"","format":"standard","meta":{"footnotes":""},"categories":[68],"tags":[3237,34,111,110,31,33,32,30,9497],"class_list":{"0":"post-134339","1":"post","2":"type-post","3":"status-publish","4":"format-standard","5":"has-post-thumbnail","7":"category-sport","8":"tag-langdskidor","9":"tag-se","10":"tag-sport","11":"tag-sports","12":"tag-svenska","13":"tag-sverige","14":"tag-sweden","15":"tag-swedish","16":"tag-varldscup"},"share_on_mastodon":{"url":"https:\/\/pubeurope.com\/@se\/115887994466226363","error":""},"_links":{"self":[{"href":"https:\/\/www.europesays.com\/se\/wp-json\/wp\/v2\/posts\/134339","targetHints":{"allow":["GET"]}}],"collection":[{"href":"https:\/\/www.europesays.com\/se\/wp-json\/wp\/v2\/posts"}],"about":[{"href":"https:\/\/www.europesays.com\/se\/wp-json\/wp\/v2\/types\/post"}],"author":[{"embeddable":true,"href":"https:\/\/www.europesays.com\/se\/wp-json\/wp\/v2\/users\/2"}],"replies":[{"embeddable":true,"href":"https:\/\/www.europesays.com\/se\/wp-json\/wp\/v2\/comments?post=134339"}],"version-history":[{"count":0,"href":"https:\/\/www.europesays.com\/se\/wp-json\/wp\/v2\/posts\/134339\/revisions"}],"wp:featuredmedia":[{"embeddable":true,"href":"https:\/\/www.europesays.com\/se\/wp-json\/wp\/v2\/media\/134340"}],"wp:attachment":[{"href":"https:\/\/www.europesays.com\/se\/wp-json\/wp\/v2\/media?parent=134339"}],"wp:term":[{"taxonomy":"category","embeddable":true,"href":"https:\/\/www.europesays.com\/se\/wp-json\/wp\/v2\/categories?post=134339"},{"taxonomy":"post_tag","embeddable":true,"href":"https:\/\/www.europesays.com\/se\/wp-json\/wp\/v2\/tags?post=134339"}],"curies":[{"name":"wp","href":"https:\/\/api.w.org\/{rel}","templated":true}]}}