{"id":134349,"date":"2026-01-13T13:25:07","date_gmt":"2026-01-13T13:25:07","guid":{"rendered":"https:\/\/www.europesays.com\/se\/134349\/"},"modified":"2026-01-13T13:25:07","modified_gmt":"2026-01-13T13:25:07","slug":"snorojningen-ren-och-skar-diskriminering","status":"publish","type":"post","link":"https:\/\/www.europesays.com\/se\/134349\/","title":{"rendered":"Sn\u00f6r\u00f6jningen: Ren och sk\u00e4r diskriminering"},"content":{"rendered":"<p>&#13;<br \/>\n\t\t\t\t\t\t\t\t\t\t\t\t\t\t\t\t\t\t\t\t\t\t\t\t\t\t\t\t\t\t\t\t\t&#13;<br \/>\n\t\t\t\t\t\t\t\t\t\t\t\tInsatser uteblir f\u00f6r att g\u00f6ra gator g\u00e5ngbara. Foto: Getty Images\t\t\t\t\t\t\t\t\t\t\t&#13;\n\t\t\t\t\t\t\t\t\t\t<\/p>\n<p class=\"ingress\">&#13;<br \/>\n\t\t\t\t\t\t\t\t\t\t\tSn\u00f6r\u00f6jningen i Stockholms stad \u00e4r katastrofalt illa sk\u00f6tt. Det menar SPF Seniorerna som riktar h\u00e5rd kritik mot ansvariga politiker.\t\t\t\t\t\t\t\t\t\t<\/p>\n<p>&#13;<br \/>\n\t\t\t\t\t\t\t\t\t\t\t\t\t\tJan Arleij\t\t\t\t\t\t\t\t\t\t\t\t\t<\/p>\n<p>&#13;<br \/>\n\t\t\t\t\t\t\t\t\t\t\t\t\t\tPublicerad 2026-01-13&#13;\n\t\t\t\t\t\t\t\t\t\t\t\t\t<\/p>\n<p>\u2013 Varenda vinter f\u00f6rv\u00e4ntas \u00e4ldre acceptera att sitta i husarrest, det \u00e4r inte klokt! s\u00e4ger Lena Hedquist, vice ordf\u00f6rande i SPF Seniorerna i Stockholm.<\/p>\n<p>\u2013 Vi har vinter i Sverige vartenda \u00e5r och ibland med lite mer sn\u00f6, men \u00e4nd\u00e5 verkar det alltid komma som en nyhet f\u00f6r ansvariga politiker hur stor kapacitet som beh\u00f6vs p\u00e5 sn\u00f6r\u00f6jningen.<\/p>\n<p>Lena Hedqvist som ocks\u00e5 \u00e4r ordf\u00f6rande i Kommunstyrelsens pension\u00e4rsr\u00e5d (KPR) i Stockholms stad kr\u00e4ver nu att politikerna hittar nya s\u00e4tt att ta sig an problemen med sn\u00f6r\u00f6jningen.<\/p>\n<p>Nollvision<\/p>\n<p>SPF Seniorerna har i flera \u00e5r kr\u00e4vt en nationell nollvision f\u00f6r halkolyckor. Men ansvariga politiker i Stockholms stadshus tycks helt f\u00f6rbise att \u00e4ldre utg\u00f6r en riskgrupp f\u00f6r halkolyckor, anser organisationen.<\/p>\n<p>P\u00e5 grund av den usla skottningen tvingas m\u00e5nga att h\u00e5lla sig hemma f\u00f6r att inte falla och skada sig.<\/p>\n<p>\u2013 Det \u00e4r ren och sk\u00e4r diskriminering av \u00e4ldre och personer med funktionsneds\u00e4ttning att man inte kan eller v\u00e5gar ta sig ut fr\u00e5n sitt hem under delar av \u00e5ret, s\u00e4ger Lena Hedquist.<\/p>\n<p><a href=\"https:\/\/www.europesays.com\/se\/wp-content\/uploads\/2026\/01\/halka.jpg\"><img loading=\"lazy\" decoding=\"async\" width=\"800\" height=\"533\" src=\"https:\/\/www.europesays.com\/se\/wp-content\/uploads\/2026\/01\/halka.jpg\" alt=\"\" class=\"wp-image-247281\" style=\"aspect-ratio:1.5009801176141138;width:359px;height:auto\"  \/><\/a><\/p>\n<p>&#13;<br \/>\n\t\t\t\t\t\t\t\t\t\t\t\t\tJan Arleij\t\t\t\t\t\t\t\t\t\t\t\t<\/p>\n<p>&#13;<br \/>\n\t\t\t\t\t\t\t\t\t\t\t\t\tPublicerad 2026-01-13&#13;\n\t\t\t\t\t\t\t\t\t\t\t\t<\/p>\n","protected":false},"excerpt":{"rendered":"&#13; &#13; Insatser uteblir f\u00f6r att g\u00f6ra gator g\u00e5ngbara. Foto: Getty Images &#13; &#13; Sn\u00f6r\u00f6jningen i Stockholms stad&hellip;\n","protected":false},"author":2,"featured_media":134350,"comment_status":"","ping_status":"","sticky":false,"template":"","format":"standard","meta":{"footnotes":""},"categories":[5],"tags":[22,23,26,27,17,21,24,25,28,29,15,16,18,34,31,33,32,30,19,20],"class_list":{"0":"post-134349","1":"post","2":"type-post","3":"status-publish","4":"format-standard","5":"has-post-thumbnail","7":"category-rubriker","8":"tag-breaking-news","9":"tag-breakingnews","10":"tag-featured-news","11":"tag-featurednews","12":"tag-headlines","13":"tag-huvudnyheter","14":"tag-latest-news","15":"tag-latestnews","16":"tag-main-news","17":"tag-mainnews","18":"tag-news","19":"tag-nyheter","20":"tag-rubriker","21":"tag-se","22":"tag-svenska","23":"tag-sverige","24":"tag-sweden","25":"tag-swedish","26":"tag-top-stories","27":"tag-topstories"},"share_on_mastodon":{"url":"https:\/\/pubeurope.com\/@se\/115888018109606765","error":""},"_links":{"self":[{"href":"https:\/\/www.europesays.com\/se\/wp-json\/wp\/v2\/posts\/134349","targetHints":{"allow":["GET"]}}],"collection":[{"href":"https:\/\/www.europesays.com\/se\/wp-json\/wp\/v2\/posts"}],"about":[{"href":"https:\/\/www.europesays.com\/se\/wp-json\/wp\/v2\/types\/post"}],"author":[{"embeddable":true,"href":"https:\/\/www.europesays.com\/se\/wp-json\/wp\/v2\/users\/2"}],"replies":[{"embeddable":true,"href":"https:\/\/www.europesays.com\/se\/wp-json\/wp\/v2\/comments?post=134349"}],"version-history":[{"count":0,"href":"https:\/\/www.europesays.com\/se\/wp-json\/wp\/v2\/posts\/134349\/revisions"}],"wp:featuredmedia":[{"embeddable":true,"href":"https:\/\/www.europesays.com\/se\/wp-json\/wp\/v2\/media\/134350"}],"wp:attachment":[{"href":"https:\/\/www.europesays.com\/se\/wp-json\/wp\/v2\/media?parent=134349"}],"wp:term":[{"taxonomy":"category","embeddable":true,"href":"https:\/\/www.europesays.com\/se\/wp-json\/wp\/v2\/categories?post=134349"},{"taxonomy":"post_tag","embeddable":true,"href":"https:\/\/www.europesays.com\/se\/wp-json\/wp\/v2\/tags?post=134349"}],"curies":[{"name":"wp","href":"https:\/\/api.w.org\/{rel}","templated":true}]}}