{"id":134351,"date":"2026-01-13T13:27:09","date_gmt":"2026-01-13T13:27:09","guid":{"rendered":"https:\/\/www.europesays.com\/se\/134351\/"},"modified":"2026-01-13T13:27:09","modified_gmt":"2026-01-13T13:27:09","slug":"jovan-milosavljevic-har-anslutit-till-truppen-fina-killar","status":"publish","type":"post","link":"https:\/\/www.europesays.com\/se\/134351\/","title":{"rendered":"Jovan Milosavljevic har anslutit till truppen: \u201dFina killar\u201d"},"content":{"rendered":"<p>18-\u00e5rige Jovan Milosavljevic blev klar f\u00f6r Malm\u00f6 FF redan i b\u00f6rjan av oktober, men spelade klart h\u00f6sts\u00e4songen med sin f\u00f6rra klubb FK Zeleznicar Pancevo. Nu n\u00e4r herrlaget \u00e4r p\u00e5 tr\u00e4ningsl\u00e4ger i spanska Sotogrande har han anslutit till truppen och under m\u00e5ndagen gjorde han sitt f\u00f6rsta pass med sina nya lagkamrater.<\/p>\n<p>\u2013 F\u00f6rsta tr\u00e4ningen k\u00e4ndes bra. Lite sv\u00e5rt f\u00f6r mig eftersom det var f\u00f6rsta passet med laget men p\u00e5 det stora hela gick det bra, s\u00e4ger han.<\/p>\n<p>Jovan \u00e4r en central mittf\u00e4ltare som trots sin unga \u00e5lder har etablerat sig i serbiska ligan.<\/p>\n<p>\u2013 Han \u00e4r en spelare med stor dynamik och bra l\u00f6pkapacitet kombinerat med en stark fysik. Han \u00e4r ung och en stor talang som redan visat mycket av sin potential, sa fotbollschef Daniel Andersson n\u00e4r Jovan blev klar.<\/p>\n<p>Det \u00e4r alltid speciellt att vara ny i truppen och det \u00e4r m\u00e5nga m\u00e4nniskor att l\u00e4ra k\u00e4nna. Men Jovan har k\u00e4nt sig trygg fr\u00e5n f\u00f6rsta stund.<\/p>\n<p>\u2013 Jag har kommit n\u00e4rmast Andrej (Djuric) och min rumskamrat Melker (Ellborg). Men alla \u00e4r fina killar och allt k\u00e4nns bra, s\u00e4ger han.<\/p>\n","protected":false},"excerpt":{"rendered":"18-\u00e5rige Jovan Milosavljevic blev klar f\u00f6r Malm\u00f6 FF redan i b\u00f6rjan av oktober, men spelade klart h\u00f6sts\u00e4songen med&hellip;\n","protected":false},"author":2,"featured_media":134352,"comment_status":"","ping_status":"","sticky":false,"template":"","format":"standard","meta":{"footnotes":""},"categories":[68],"tags":[34,111,110,31,33,32,30],"class_list":{"0":"post-134351","1":"post","2":"type-post","3":"status-publish","4":"format-standard","5":"has-post-thumbnail","7":"category-sport","8":"tag-se","9":"tag-sport","10":"tag-sports","11":"tag-svenska","12":"tag-sverige","13":"tag-sweden","14":"tag-swedish"},"share_on_mastodon":{"url":"https:\/\/pubeurope.com\/@se\/115888025964864849","error":""},"_links":{"self":[{"href":"https:\/\/www.europesays.com\/se\/wp-json\/wp\/v2\/posts\/134351","targetHints":{"allow":["GET"]}}],"collection":[{"href":"https:\/\/www.europesays.com\/se\/wp-json\/wp\/v2\/posts"}],"about":[{"href":"https:\/\/www.europesays.com\/se\/wp-json\/wp\/v2\/types\/post"}],"author":[{"embeddable":true,"href":"https:\/\/www.europesays.com\/se\/wp-json\/wp\/v2\/users\/2"}],"replies":[{"embeddable":true,"href":"https:\/\/www.europesays.com\/se\/wp-json\/wp\/v2\/comments?post=134351"}],"version-history":[{"count":0,"href":"https:\/\/www.europesays.com\/se\/wp-json\/wp\/v2\/posts\/134351\/revisions"}],"wp:featuredmedia":[{"embeddable":true,"href":"https:\/\/www.europesays.com\/se\/wp-json\/wp\/v2\/media\/134352"}],"wp:attachment":[{"href":"https:\/\/www.europesays.com\/se\/wp-json\/wp\/v2\/media?parent=134351"}],"wp:term":[{"taxonomy":"category","embeddable":true,"href":"https:\/\/www.europesays.com\/se\/wp-json\/wp\/v2\/categories?post=134351"},{"taxonomy":"post_tag","embeddable":true,"href":"https:\/\/www.europesays.com\/se\/wp-json\/wp\/v2\/tags?post=134351"}],"curies":[{"name":"wp","href":"https:\/\/api.w.org\/{rel}","templated":true}]}}