{"id":134370,"date":"2026-01-13T13:44:11","date_gmt":"2026-01-13T13:44:11","guid":{"rendered":"https:\/\/www.europesays.com\/se\/134370\/"},"modified":"2026-01-13T13:44:11","modified_gmt":"2026-01-13T13:44:11","slug":"lodins-turbulenta-vecka-pappalycka-och-tranarbomber-tanker-pa-manniskan-jorgen-nwt","status":"publish","type":"post","link":"https:\/\/www.europesays.com\/se\/134370\/","title":{"rendered":"Lodins turbulenta vecka \u2013 pappalycka och tr\u00e4narbomber: \u201dT\u00e4nker p\u00e5 m\u00e4nniskan J\u00f6rgen\u201d &#8211; NWT"},"content":{"rendered":"<ol>\n<li><a href=\"https:\/\/news.google.com\/rss\/articles\/CBMitgFBVV95cUxOd0hNcXNwMWNVUUFNbzRpRzdnY3VxVDNSOXh0X29hM2pabGI3S0lZZHZvZXAyOWRxTlFBR1A3aTRyQzhCeEVMZG1ndm1abVY2TGxKeFJvLWQ2dWI5cFlzZHNpRERISVRESDdVWFM5WW44RktIYmgwbF80MWVETkxsOXZTaXNQSjMySWlObGllMWhxVkNFT2RPN2RWT1pHQURLVk40d2prQjhGOVZ5Sm5JS0xRZkVKdw?oc=5\" target=\"_blank\" rel=\"nofollow noopener\">Lodins turbulenta vecka \u2013 pappalycka och tr\u00e4narbomber: \u201dT\u00e4nker p\u00e5 m\u00e4nniskan J\u00f6rgen\u201d<\/a>&nbsp;&nbsp;NWT<\/li>\n<li><a href=\"https:\/\/news.google.com\/rss\/articles\/CBMiqAFBVV95cUxNcGpMR194RkpKSVF0RUM2aWVzZEk3dzRvbThTY3VydGhrb2djYzFjdnp0SVFIeThzWkY0aGwzekFEaGxmZnIxbmZqX0ROTWYxVU9QV3pkTXNqZnVFWkU3LUl6SnZGcU14WUxIQWpweklYYzFQYjlyemNWZk4tSEl2cVhMWThRdXV2NmgxbGNaZEl1OV9ZTW9ZRDcwSFZuMkZKUUhyWmhtMzc?oc=5\" target=\"_blank\" rel=\"nofollow noopener\">Nicci Hernestig reder ut: S\u00e5 uttalas nyf\u00f6dda dotterns unika namn<\/a>&nbsp;&nbsp;Aftonbladet<\/li>\n<li><a href=\"https:\/\/news.google.com\/rss\/articles\/CBMinAFBVV95cUxNSVRPQU9zb3I1ZmhYcnN2OE5aeWFLSzZQaW16R1hBUE8wQ2NZOEdTcHp0dVN4dm54bjR3eHdDY1lCNDJiV0VRUnZoTHdzSzZXOWs4ZjJHOC1uTEN6VTVKU0V3MDc5TjFFVHV4d2ZpVF9CanQxSEN6elVmOF9RRDZkRUJfdWdlYy0yc2dyZUhINk0yQUdoRHBMU1MzQXc?oc=5\" target=\"_blank\" rel=\"nofollow noopener\">Viktor Lodin och Nicci Hernestig har f\u00e5tt barn \u2022 F\u00f6rklaringen till ovanliga namnet<\/a>&nbsp;&nbsp;Expressen<\/li>\n<li><a href=\"https:\/\/news.google.com\/rss\/articles\/CBMisgFBVV95cUxPemduX2xxV182VHlIQmZHdjBHbHZuQTg1eU5yM25zY0VkR3JNWXExanhUX2FBSXFQSENpZWx3S1lKOUFMWXJsSExtSmJWclZQaUF5V0lMWFBCMV9JT2NRejhsb3NmZUxiSV84NHpJMzZoV21IR2dPUVhyS0R4dkF3V0xySDBsa0hSMXJubUJxcTVlYlBESlNYdFJLZV9RXzlkdHZUUjV0ZHMtNlFnQkwwTHh3?oc=5\" target=\"_blank\" rel=\"nofollow noopener\">Oron f\u00f6r Nicci efter f\u00f6dseln: \u201d\u00c5kte ambulans\u201d<\/a>&nbsp;&nbsp;Aftonbladet<\/li>\n<li><a href=\"https:\/\/news.google.com\/rss\/articles\/CBMimgFBVV95cUxNNVZYWjdTTXdKbjljNHZhTHA2MjBucGNJc20xVDZmT1AxbS1oYkZXak8xVzNkLXZqeDJHZGpLZlI2emdYR0xaMDJaM2FUb0N2MURWYkE3anZTOW1LcVNuWF9xTTYwRDUtbTJxTmMyS2todW9tRVFhLU45Q0MwaWNsZERFeW83eTVZMS11NURPOTdWOUpSejNNamVR?oc=5\" target=\"_blank\" rel=\"nofollow noopener\">Viktor Lodin om bebislyckan: \u201dKommer st\u00e4rka mig som m\u00e4nniska\u201d<\/a>&nbsp;&nbsp;VF<\/li>\n<\/ol>\n","protected":false},"excerpt":{"rendered":"Lodins turbulenta vecka \u2013 pappalycka och tr\u00e4narbomber: \u201dT\u00e4nker p\u00e5 m\u00e4nniskan J\u00f6rgen\u201d&nbsp;&nbsp;NWT Nicci Hernestig reder ut: S\u00e5 uttalas nyf\u00f6dda&hellip;\n","protected":false},"author":2,"featured_media":134371,"comment_status":"","ping_status":"","sticky":false,"template":"","format":"standard","meta":{"footnotes":""},"categories":[68],"tags":[34,111,110,31,33,32,30],"class_list":{"0":"post-134370","1":"post","2":"type-post","3":"status-publish","4":"format-standard","5":"has-post-thumbnail","7":"category-sport","8":"tag-se","9":"tag-sport","10":"tag-sports","11":"tag-svenska","12":"tag-sverige","13":"tag-sweden","14":"tag-swedish"},"share_on_mastodon":{"url":"https:\/\/pubeurope.com\/@se\/115888092819340589","error":""},"_links":{"self":[{"href":"https:\/\/www.europesays.com\/se\/wp-json\/wp\/v2\/posts\/134370","targetHints":{"allow":["GET"]}}],"collection":[{"href":"https:\/\/www.europesays.com\/se\/wp-json\/wp\/v2\/posts"}],"about":[{"href":"https:\/\/www.europesays.com\/se\/wp-json\/wp\/v2\/types\/post"}],"author":[{"embeddable":true,"href":"https:\/\/www.europesays.com\/se\/wp-json\/wp\/v2\/users\/2"}],"replies":[{"embeddable":true,"href":"https:\/\/www.europesays.com\/se\/wp-json\/wp\/v2\/comments?post=134370"}],"version-history":[{"count":0,"href":"https:\/\/www.europesays.com\/se\/wp-json\/wp\/v2\/posts\/134370\/revisions"}],"wp:featuredmedia":[{"embeddable":true,"href":"https:\/\/www.europesays.com\/se\/wp-json\/wp\/v2\/media\/134371"}],"wp:attachment":[{"href":"https:\/\/www.europesays.com\/se\/wp-json\/wp\/v2\/media?parent=134370"}],"wp:term":[{"taxonomy":"category","embeddable":true,"href":"https:\/\/www.europesays.com\/se\/wp-json\/wp\/v2\/categories?post=134370"},{"taxonomy":"post_tag","embeddable":true,"href":"https:\/\/www.europesays.com\/se\/wp-json\/wp\/v2\/tags?post=134370"}],"curies":[{"name":"wp","href":"https:\/\/api.w.org\/{rel}","templated":true}]}}